{"id":3215,"date":"2025-05-22T07:27:45","date_gmt":"2025-05-22T07:27:45","guid":{"rendered":"https:\/\/wedrivesolar.com\/we-drive-solar-gewinnt-den-laadinfra-innovationspreis-2025\/"},"modified":"2025-05-22T07:41:45","modified_gmt":"2025-05-22T07:41:45","slug":"we-drive-solar-gewinnt-den-laadinfra-innovationspreis-2025","status":"publish","type":"post","link":"https:\/\/wedrivesolar.com\/de\/we-drive-solar-gewinnt-den-laadinfra-innovationspreis-2025\/","title":{"rendered":"We Drive Solar gewinnt den Laadinfra Innovationspreis 2025!"},"content":{"rendered":"\n<p>W\u00e4hrend des f\u00fcnften Congres Laadinfra in Arnheim wurde We Drive Solar zum Gewinner des Dutch Charging Infrastructure Innovation Award erkl\u00e4rt. Sowohl die Fachjury als auch das Publikum w\u00e4hlten unser bidirektionales AC-Ladeger\u00e4t als innovativste L\u00f6sung. <\/p>\n\n<p>Mit <a href=\"https:\/\/wedrivesolar.com\/de\/solar-city\/\">diesem Ladeger\u00e4t<\/a> k\u00f6nnen Elektroautos nicht nur geladen, sondern auch Strom ins Netz zur\u00fcckgespeist werden &#8211; einfach \u00fcber einen Standard-Wechselstromanschluss. In Kombination mit intelligenter Steuerung, gemeinsam genutzten Autos und dem neuen Renault 5 entsteht so eine skalierbare L\u00f6sung f\u00fcr die lokale Energiespeicherung. <\/p>\n\n<p>Was damit erreicht wird:<br\/><br\/>&#8211; Weniger Druck auf das Stromnetz<br\/>&#8211; Intelligente Nutzung von Solarenergie aus der Nachbarschaft<br\/>&#8211; Speicherung von Energie zu g\u00fcnstigen und nachhaltigen Zeiten<br\/>&#8211; Einspeisung bei hoher Nachfrage (und hohem Preis)<\/p>\n\n<p>Wir sind stolz auf diese Anerkennung und danken allen, die f\u00fcr uns gestimmt haben!<\/p>\n\n<p><\/p>\n","protected":false},"excerpt":{"rendered":"<p>W\u00e4hrend des f\u00fcnften Ladeinfrastrukturkongresses in Arnheim wurde We Drive Solar zum Gewinner des niederl\u00e4ndischen Innovationspreises f\u00fcr Ladeinfrastruktur ernannt. Unser bi-direktionales AC-Ladeger\u00e4t Solar City wurde zur innovativsten L\u00f6sung gew\u00e4hlt. <\/p>\n","protected":false},"author":1,"featured_media":3202,"comment_status":"closed","ping_status":"closed","sticky":false,"template":"","format":"standard","meta":{"_acf_changed":false,"footnotes":""},"categories":[11],"tags":[51,53,52],"class_list":["post-3215","post","type-post","status-publish","format-standard","has-post-thumbnail","hentry","category-nicht-kategorisiert","tag-ladeinfrastruktur","tag-wir-betreiben-solar","tag-zwei-wege"],"acf":[],"yoast_head":"<!-- This site is optimized with the Yoast SEO plugin v27.2 - https:\/\/yoast.com\/product\/yoast-seo-wordpress\/ -->\n<title>We Drive Solar gewinnt den Laadinfra Innovationspreis 2025! - We Drive Solar<\/title>\n<meta name=\"robots\" content=\"index, follow, max-snippet:-1, max-image-preview:large, max-video-preview:-1\" \/>\n<link rel=\"canonical\" href=\"https:\/\/wedrivesolar.com\/de\/we-drive-solar-gewinnt-den-laadinfra-innovationspreis-2025\/\" \/>\n<meta property=\"og:locale\" content=\"de_DE\" \/>\n<meta property=\"og:type\" content=\"article\" \/>\n<meta property=\"og:title\" content=\"We Drive Solar gewinnt den Laadinfra Innovationspreis 2025! - We Drive Solar\" \/>\n<meta property=\"og:description\" content=\"W\u00e4hrend des f\u00fcnften Ladeinfrastrukturkongresses in Arnheim wurde We Drive Solar zum Gewinner des niederl\u00e4ndischen Innovationspreises f\u00fcr Ladeinfrastruktur ernannt. Unser bi-direktionales AC-Ladeger\u00e4t Solar City wurde zur innovativsten L\u00f6sung gew\u00e4hlt.\" \/>\n<meta property=\"og:url\" content=\"https:\/\/wedrivesolar.com\/de\/we-drive-solar-gewinnt-den-laadinfra-innovationspreis-2025\/\" \/>\n<meta property=\"og:site_name\" content=\"We Drive Solar\" \/>\n<meta property=\"article:published_time\" content=\"2025-05-22T07:27:45+00:00\" \/>\n<meta property=\"article:modified_time\" content=\"2025-05-22T07:41:45+00:00\" \/>\n<meta property=\"og:image\" content=\"https:\/\/wedrivesolar.com\/wp-content\/uploads\/2025\/05\/laadinfra-award-we-drive-solar.jpeg\" \/>\n\t<meta property=\"og:image:width\" content=\"1600\" \/>\n\t<meta property=\"og:image:height\" content=\"839\" \/>\n\t<meta property=\"og:image:type\" content=\"image\/jpeg\" \/>\n<meta name=\"author\" content=\"jip@socialsaga.nl\" \/>\n<meta name=\"twitter:card\" content=\"summary_large_image\" \/>\n<meta name=\"twitter:label1\" content=\"Verfasst von\" \/>\n\t<meta name=\"twitter:data1\" content=\"jip@socialsaga.nl\" \/>\n\t<meta name=\"twitter:label2\" content=\"Gesch\u00e4tzte Lesezeit\" \/>\n\t<meta name=\"twitter:data2\" content=\"1\u00a0Minute\" \/>\n<script type=\"application\/ld+json\" class=\"yoast-schema-graph\">{\"@context\":\"https:\/\/schema.org\",\"@graph\":[{\"@type\":\"Article\",\"@id\":\"https:\/\/wedrivesolar.com\/de\/we-drive-solar-gewinnt-den-laadinfra-innovationspreis-2025\/#article\",\"isPartOf\":{\"@id\":\"https:\/\/wedrivesolar.com\/de\/we-drive-solar-gewinnt-den-laadinfra-innovationspreis-2025\/\"},\"author\":{\"name\":\"jip@socialsaga.nl\",\"@id\":\"https:\/\/wedrivesolar.com\/#\/schema\/person\/d355220566fd974c0049976afaefbb15\"},\"headline\":\"We Drive Solar gewinnt den Laadinfra Innovationspreis 2025!\",\"datePublished\":\"2025-05-22T07:27:45+00:00\",\"dateModified\":\"2025-05-22T07:41:45+00:00\",\"mainEntityOfPage\":{\"@id\":\"https:\/\/wedrivesolar.com\/de\/we-drive-solar-gewinnt-den-laadinfra-innovationspreis-2025\/\"},\"wordCount\":141,\"publisher\":{\"@id\":\"https:\/\/wedrivesolar.com\/#organization\"},\"image\":{\"@id\":\"https:\/\/wedrivesolar.com\/de\/we-drive-solar-gewinnt-den-laadinfra-innovationspreis-2025\/#primaryimage\"},\"thumbnailUrl\":\"https:\/\/wedrivesolar.com\/wp-content\/uploads\/2025\/05\/laadinfra-award-we-drive-solar.jpeg\",\"keywords\":[\"Ladeinfrastruktur\",\"Wir betreiben Solar\",\"Zwei-Wege\"],\"articleSection\":[\"Nicht kategorisiert\"],\"inLanguage\":\"de\"},{\"@type\":\"WebPage\",\"@id\":\"https:\/\/wedrivesolar.com\/de\/we-drive-solar-gewinnt-den-laadinfra-innovationspreis-2025\/\",\"url\":\"https:\/\/wedrivesolar.com\/de\/we-drive-solar-gewinnt-den-laadinfra-innovationspreis-2025\/\",\"name\":\"We Drive Solar gewinnt den Laadinfra Innovationspreis 2025! - We Drive Solar\",\"isPartOf\":{\"@id\":\"https:\/\/wedrivesolar.com\/#website\"},\"primaryImageOfPage\":{\"@id\":\"https:\/\/wedrivesolar.com\/de\/we-drive-solar-gewinnt-den-laadinfra-innovationspreis-2025\/#primaryimage\"},\"image\":{\"@id\":\"https:\/\/wedrivesolar.com\/de\/we-drive-solar-gewinnt-den-laadinfra-innovationspreis-2025\/#primaryimage\"},\"thumbnailUrl\":\"https:\/\/wedrivesolar.com\/wp-content\/uploads\/2025\/05\/laadinfra-award-we-drive-solar.jpeg\",\"datePublished\":\"2025-05-22T07:27:45+00:00\",\"dateModified\":\"2025-05-22T07:41:45+00:00\",\"breadcrumb\":{\"@id\":\"https:\/\/wedrivesolar.com\/de\/we-drive-solar-gewinnt-den-laadinfra-innovationspreis-2025\/#breadcrumb\"},\"inLanguage\":\"de\",\"potentialAction\":[{\"@type\":\"ReadAction\",\"target\":[\"https:\/\/wedrivesolar.com\/de\/we-drive-solar-gewinnt-den-laadinfra-innovationspreis-2025\/\"]}]},{\"@type\":\"ImageObject\",\"inLanguage\":\"de\",\"@id\":\"https:\/\/wedrivesolar.com\/de\/we-drive-solar-gewinnt-den-laadinfra-innovationspreis-2025\/#primaryimage\",\"url\":\"https:\/\/wedrivesolar.com\/wp-content\/uploads\/2025\/05\/laadinfra-award-we-drive-solar.jpeg\",\"contentUrl\":\"https:\/\/wedrivesolar.com\/wp-content\/uploads\/2025\/05\/laadinfra-award-we-drive-solar.jpeg\",\"width\":1600,\"height\":839},{\"@type\":\"BreadcrumbList\",\"@id\":\"https:\/\/wedrivesolar.com\/de\/we-drive-solar-gewinnt-den-laadinfra-innovationspreis-2025\/#breadcrumb\",\"itemListElement\":[{\"@type\":\"ListItem\",\"position\":1,\"name\":\"Startseite\",\"item\":\"https:\/\/wedrivesolar.com\/\"},{\"@type\":\"ListItem\",\"position\":2,\"name\":\"We Drive Solar gewinnt den Laadinfra Innovationspreis 2025!\"}]},{\"@type\":\"WebSite\",\"@id\":\"https:\/\/wedrivesolar.com\/#website\",\"url\":\"https:\/\/wedrivesolar.com\/\",\"name\":\"We Drive Solar\",\"description\":\"Shaping the electricity grid of the future\",\"publisher\":{\"@id\":\"https:\/\/wedrivesolar.com\/#organization\"},\"potentialAction\":[{\"@type\":\"SearchAction\",\"target\":{\"@type\":\"EntryPoint\",\"urlTemplate\":\"https:\/\/wedrivesolar.com\/?s={search_term_string}\"},\"query-input\":{\"@type\":\"PropertyValueSpecification\",\"valueRequired\":true,\"valueName\":\"search_term_string\"}}],\"inLanguage\":\"de\"},{\"@type\":\"Organization\",\"@id\":\"https:\/\/wedrivesolar.com\/#organization\",\"name\":\"We Drive Solar\",\"url\":\"https:\/\/wedrivesolar.com\/\",\"logo\":{\"@type\":\"ImageObject\",\"inLanguage\":\"de\",\"@id\":\"https:\/\/wedrivesolar.com\/#\/schema\/logo\/image\/\",\"url\":\"https:\/\/wedrivesolar.com\/wp-content\/uploads\/2025\/04\/cropped-wedrivesolar_transparant.png\",\"contentUrl\":\"https:\/\/wedrivesolar.com\/wp-content\/uploads\/2025\/04\/cropped-wedrivesolar_transparant.png\",\"width\":1280,\"height\":201,\"caption\":\"We Drive Solar\"},\"image\":{\"@id\":\"https:\/\/wedrivesolar.com\/#\/schema\/logo\/image\/\"}},{\"@type\":\"Person\",\"@id\":\"https:\/\/wedrivesolar.com\/#\/schema\/person\/d355220566fd974c0049976afaefbb15\",\"name\":\"jip@socialsaga.nl\",\"image\":{\"@type\":\"ImageObject\",\"inLanguage\":\"de\",\"@id\":\"https:\/\/secure.gravatar.com\/avatar\/bf505980323e23a7b2d0f63c95d47ba590cbe6fd4f71f63a7cf6d0140b6bbba0?s=96&d=mm&r=g\",\"url\":\"https:\/\/secure.gravatar.com\/avatar\/bf505980323e23a7b2d0f63c95d47ba590cbe6fd4f71f63a7cf6d0140b6bbba0?s=96&d=mm&r=g\",\"contentUrl\":\"https:\/\/secure.gravatar.com\/avatar\/bf505980323e23a7b2d0f63c95d47ba590cbe6fd4f71f63a7cf6d0140b6bbba0?s=96&d=mm&r=g\",\"caption\":\"jip@socialsaga.nl\"},\"sameAs\":[\"https:\/\/wedrivesolar.com\"],\"url\":\"https:\/\/wedrivesolar.com\/de\/author\/jipsocialsaga-nl\/\"}]}<\/script>\n<!-- \/ Yoast SEO plugin. -->","yoast_head_json":{"title":"We Drive Solar gewinnt den Laadinfra Innovationspreis 2025! - We Drive Solar","robots":{"index":"index","follow":"follow","max-snippet":"max-snippet:-1","max-image-preview":"max-image-preview:large","max-video-preview":"max-video-preview:-1"},"canonical":"https:\/\/wedrivesolar.com\/de\/we-drive-solar-gewinnt-den-laadinfra-innovationspreis-2025\/","og_locale":"de_DE","og_type":"article","og_title":"We Drive Solar gewinnt den Laadinfra Innovationspreis 2025! - We Drive Solar","og_description":"W\u00e4hrend des f\u00fcnften Ladeinfrastrukturkongresses in Arnheim wurde We Drive Solar zum Gewinner des niederl\u00e4ndischen Innovationspreises f\u00fcr Ladeinfrastruktur ernannt. Unser bi-direktionales AC-Ladeger\u00e4t Solar City wurde zur innovativsten L\u00f6sung gew\u00e4hlt.","og_url":"https:\/\/wedrivesolar.com\/de\/we-drive-solar-gewinnt-den-laadinfra-innovationspreis-2025\/","og_site_name":"We Drive Solar","article_published_time":"2025-05-22T07:27:45+00:00","article_modified_time":"2025-05-22T07:41:45+00:00","og_image":[{"width":1600,"height":839,"url":"https:\/\/wedrivesolar.com\/wp-content\/uploads\/2025\/05\/laadinfra-award-we-drive-solar.jpeg","type":"image\/jpeg"}],"author":"jip@socialsaga.nl","twitter_card":"summary_large_image","twitter_misc":{"Verfasst von":"jip@socialsaga.nl","Gesch\u00e4tzte Lesezeit":"1\u00a0Minute"},"schema":{"@context":"https:\/\/schema.org","@graph":[{"@type":"Article","@id":"https:\/\/wedrivesolar.com\/de\/we-drive-solar-gewinnt-den-laadinfra-innovationspreis-2025\/#article","isPartOf":{"@id":"https:\/\/wedrivesolar.com\/de\/we-drive-solar-gewinnt-den-laadinfra-innovationspreis-2025\/"},"author":{"name":"jip@socialsaga.nl","@id":"https:\/\/wedrivesolar.com\/#\/schema\/person\/d355220566fd974c0049976afaefbb15"},"headline":"We Drive Solar gewinnt den Laadinfra Innovationspreis 2025!","datePublished":"2025-05-22T07:27:45+00:00","dateModified":"2025-05-22T07:41:45+00:00","mainEntityOfPage":{"@id":"https:\/\/wedrivesolar.com\/de\/we-drive-solar-gewinnt-den-laadinfra-innovationspreis-2025\/"},"wordCount":141,"publisher":{"@id":"https:\/\/wedrivesolar.com\/#organization"},"image":{"@id":"https:\/\/wedrivesolar.com\/de\/we-drive-solar-gewinnt-den-laadinfra-innovationspreis-2025\/#primaryimage"},"thumbnailUrl":"https:\/\/wedrivesolar.com\/wp-content\/uploads\/2025\/05\/laadinfra-award-we-drive-solar.jpeg","keywords":["Ladeinfrastruktur","Wir betreiben Solar","Zwei-Wege"],"articleSection":["Nicht kategorisiert"],"inLanguage":"de"},{"@type":"WebPage","@id":"https:\/\/wedrivesolar.com\/de\/we-drive-solar-gewinnt-den-laadinfra-innovationspreis-2025\/","url":"https:\/\/wedrivesolar.com\/de\/we-drive-solar-gewinnt-den-laadinfra-innovationspreis-2025\/","name":"We Drive Solar gewinnt den Laadinfra Innovationspreis 2025! - We Drive Solar","isPartOf":{"@id":"https:\/\/wedrivesolar.com\/#website"},"primaryImageOfPage":{"@id":"https:\/\/wedrivesolar.com\/de\/we-drive-solar-gewinnt-den-laadinfra-innovationspreis-2025\/#primaryimage"},"image":{"@id":"https:\/\/wedrivesolar.com\/de\/we-drive-solar-gewinnt-den-laadinfra-innovationspreis-2025\/#primaryimage"},"thumbnailUrl":"https:\/\/wedrivesolar.com\/wp-content\/uploads\/2025\/05\/laadinfra-award-we-drive-solar.jpeg","datePublished":"2025-05-22T07:27:45+00:00","dateModified":"2025-05-22T07:41:45+00:00","breadcrumb":{"@id":"https:\/\/wedrivesolar.com\/de\/we-drive-solar-gewinnt-den-laadinfra-innovationspreis-2025\/#breadcrumb"},"inLanguage":"de","potentialAction":[{"@type":"ReadAction","target":["https:\/\/wedrivesolar.com\/de\/we-drive-solar-gewinnt-den-laadinfra-innovationspreis-2025\/"]}]},{"@type":"ImageObject","inLanguage":"de","@id":"https:\/\/wedrivesolar.com\/de\/we-drive-solar-gewinnt-den-laadinfra-innovationspreis-2025\/#primaryimage","url":"https:\/\/wedrivesolar.com\/wp-content\/uploads\/2025\/05\/laadinfra-award-we-drive-solar.jpeg","contentUrl":"https:\/\/wedrivesolar.com\/wp-content\/uploads\/2025\/05\/laadinfra-award-we-drive-solar.jpeg","width":1600,"height":839},{"@type":"BreadcrumbList","@id":"https:\/\/wedrivesolar.com\/de\/we-drive-solar-gewinnt-den-laadinfra-innovationspreis-2025\/#breadcrumb","itemListElement":[{"@type":"ListItem","position":1,"name":"Startseite","item":"https:\/\/wedrivesolar.com\/"},{"@type":"ListItem","position":2,"name":"We Drive Solar gewinnt den Laadinfra Innovationspreis 2025!"}]},{"@type":"WebSite","@id":"https:\/\/wedrivesolar.com\/#website","url":"https:\/\/wedrivesolar.com\/","name":"We Drive Solar","description":"Shaping the electricity grid of the future","publisher":{"@id":"https:\/\/wedrivesolar.com\/#organization"},"potentialAction":[{"@type":"SearchAction","target":{"@type":"EntryPoint","urlTemplate":"https:\/\/wedrivesolar.com\/?s={search_term_string}"},"query-input":{"@type":"PropertyValueSpecification","valueRequired":true,"valueName":"search_term_string"}}],"inLanguage":"de"},{"@type":"Organization","@id":"https:\/\/wedrivesolar.com\/#organization","name":"We Drive Solar","url":"https:\/\/wedrivesolar.com\/","logo":{"@type":"ImageObject","inLanguage":"de","@id":"https:\/\/wedrivesolar.com\/#\/schema\/logo\/image\/","url":"https:\/\/wedrivesolar.com\/wp-content\/uploads\/2025\/04\/cropped-wedrivesolar_transparant.png","contentUrl":"https:\/\/wedrivesolar.com\/wp-content\/uploads\/2025\/04\/cropped-wedrivesolar_transparant.png","width":1280,"height":201,"caption":"We Drive Solar"},"image":{"@id":"https:\/\/wedrivesolar.com\/#\/schema\/logo\/image\/"}},{"@type":"Person","@id":"https:\/\/wedrivesolar.com\/#\/schema\/person\/d355220566fd974c0049976afaefbb15","name":"jip@socialsaga.nl","image":{"@type":"ImageObject","inLanguage":"de","@id":"https:\/\/secure.gravatar.com\/avatar\/bf505980323e23a7b2d0f63c95d47ba590cbe6fd4f71f63a7cf6d0140b6bbba0?s=96&d=mm&r=g","url":"https:\/\/secure.gravatar.com\/avatar\/bf505980323e23a7b2d0f63c95d47ba590cbe6fd4f71f63a7cf6d0140b6bbba0?s=96&d=mm&r=g","contentUrl":"https:\/\/secure.gravatar.com\/avatar\/bf505980323e23a7b2d0f63c95d47ba590cbe6fd4f71f63a7cf6d0140b6bbba0?s=96&d=mm&r=g","caption":"jip@socialsaga.nl"},"sameAs":["https:\/\/wedrivesolar.com"],"url":"https:\/\/wedrivesolar.com\/de\/author\/jipsocialsaga-nl\/"}]}},"_links":{"self":[{"href":"https:\/\/wedrivesolar.com\/de\/wp-json\/wp\/v2\/posts\/3215","targetHints":{"allow":["GET"]}}],"collection":[{"href":"https:\/\/wedrivesolar.com\/de\/wp-json\/wp\/v2\/posts"}],"about":[{"href":"https:\/\/wedrivesolar.com\/de\/wp-json\/wp\/v2\/types\/post"}],"author":[{"embeddable":true,"href":"https:\/\/wedrivesolar.com\/de\/wp-json\/wp\/v2\/users\/1"}],"replies":[{"embeddable":true,"href":"https:\/\/wedrivesolar.com\/de\/wp-json\/wp\/v2\/comments?post=3215"}],"version-history":[{"count":0,"href":"https:\/\/wedrivesolar.com\/de\/wp-json\/wp\/v2\/posts\/3215\/revisions"}],"wp:featuredmedia":[{"embeddable":true,"href":"https:\/\/wedrivesolar.com\/de\/wp-json\/wp\/v2\/media\/3202"}],"wp:attachment":[{"href":"https:\/\/wedrivesolar.com\/de\/wp-json\/wp\/v2\/media?parent=3215"}],"wp:term":[{"taxonomy":"category","embeddable":true,"href":"https:\/\/wedrivesolar.com\/de\/wp-json\/wp\/v2\/categories?post=3215"},{"taxonomy":"post_tag","embeddable":true,"href":"https:\/\/wedrivesolar.com\/de\/wp-json\/wp\/v2\/tags?post=3215"}],"curies":[{"name":"wp","href":"https:\/\/api.w.org\/{rel}","templated":true}]}}