{"id":5420,"date":"2025-11-27T13:29:19","date_gmt":"2025-11-27T13:29:19","guid":{"rendered":"https:\/\/wedrivesolar.com\/die-renault-gruppe-und-we-drive-solar-starten-den-ersten-v2g-ac-service-in-den-niederlanden\/"},"modified":"2025-11-28T08:01:18","modified_gmt":"2025-11-28T08:01:18","slug":"die-renault-gruppe-und-we-drive-solar-starten-den-ersten-v2g-ac-service-in-den-niederlanden","status":"publish","type":"post","link":"https:\/\/wedrivesolar.com\/de\/die-renault-gruppe-und-we-drive-solar-starten-den-ersten-v2g-ac-service-in-den-niederlanden\/","title":{"rendered":"Die Renault-Gruppe und We Drive Solar starten den ersten V2G-AC-Service in den Niederlanden"},"content":{"rendered":"\n<ul class=\"wp-block-list\">\n<li><strong>Gemeinsam mit We Drive Solar f\u00fchrt die Renault Gruppe in den Niederlanden einen Vehicle-to-Grid-Dienst (V2G) f\u00fcr Privatkunden ein.<\/strong><\/li>\n\n\n\n<li><strong>V2G bietet privaten Verbrauchern die M\u00f6glichkeit, ihre Gesamtstromkosten zu senken und einen Beitrag zur Energiewende zu leisten, indem sie ihr Elektrofahrzeug als Energiepuffer nutzen.<\/strong><\/li>\n\n\n\n<li><strong>Nach der Einf\u00fchrung von V2G AC in Frankreich durch die Renault-Gruppe werden der Automobilhersteller und We Drive Solar diese Technologie in der ersten H\u00e4lfte des Jahres 2026 den niederl\u00e4ndischen Nutzern von Elektrofahrzeugen der Renault-Gruppe zur Verf\u00fcgung stellen.<\/strong><\/li>\n<\/ul>\n\n<div style=\"height:50px\" aria-hidden=\"true\" class=\"wp-block-spacer\"><\/div>\n\n<p><strong>Schiphol-Rijk, 27. November 2025 &#8211; In Zusammenarbeit mit We Drive Solar f\u00fchrt die Renault Gruppe in den Niederlanden einen Vehicle-to-Grid-Dienst (V2G) ein. Dieser innovative Service erm\u00f6glicht es privaten Verbrauchern, ihre Fahrzeuge zu nutzen, um ihre Stromkosten zu senken. Gleichzeitig k\u00f6nnen sie dazu beitragen, das Stromnetz zu Spitzenzeiten zu entlasten und so die Energiewende aktiv voranzutreiben.  <\/strong><strong><\/strong><\/p>\n\n<p>In den Niederlanden sind mehr als 70 % der H\u00e4user von E-Fahrern mit Solarzellen ausgestattet*. Mit dem nahenden Ende des Net-Metering-Systems (&#8220;salderingsregeling&#8221;) im Januar 2027 w\u00e4chst das Interesse an der Wiederverwendung billiger und\/oder selbst erzeugter Energie. V2G bietet hierf\u00fcr eine L\u00f6sung und tr\u00e4gt gleichzeitig zum Ausgleich des Stromnetzes in den Niederlanden bei.  <\/p>\n\n<p>Dank der V2G-Technologie wird das Laden bidirektional. Der Dienst erm\u00f6glicht nicht nur eine vor\u00fcbergehende Unterbrechung des Ladevorgangs in Spitzenzeiten, sondern auch die R\u00fcckspeisung von Strom in das Netz, wenn die Nachfrage hoch ist. Das Auto l\u00e4dt zu Zeiten, in denen das Angebot an erneuerbarer Energie im Netz hoch und der Strom daher billiger ist, wodurch die Kunden erhebliche Einsparungen erzielen k\u00f6nnen. Die Reichweite des Fahrzeugs wird dadurch nicht beeintr\u00e4chtigt: Das System garantiert, dass das Auto bei Bedarf auf die vom Kunden gew\u00fcnschte H\u00f6he aufgeladen wird.   <\/p>\n\n<h3 class=\"wp-block-heading\"><strong>V2G in den Niederlanden<\/strong><\/h3>\n\n<p>Da es sich beim bidirektionalen Laden um eine komplexe neue Technologie handelt und jedes Energienetz in Europa seine eigenen Betreiber und Besonderheiten hat, haben sich die Renault Gruppe und ihr langj\u00e4hriger Partner We Drive Solar f\u00fcr den Aufbau eines lokalen \u00d6kosystems in den Niederlanden entschieden. We Drive Solar ist ein f\u00fchrender Anbieter von innovativer Ladeinfrastruktur. Das Unternehmen ist seit zehn Jahren auf dem Gebiet der bidirektionalen Ladel\u00f6sungen t\u00e4tig und hat eine Schl\u00fcsselrolle bei mehreren Weltpremieren gespielt, darunter Utrecht energized, mit dem Carsharing-Anbieter MyWheels.  <\/p>\n\n<p>Damit die Kunden von diesem V2G-Dienst profitieren k\u00f6nnen, sind die folgenden Komponenten erforderlich:<\/p>\n\n<ul class=\"wp-block-list\">\n<li>Ein Elektrofahrzeug der Renault-Gruppe mit einem f\u00fcr V2G geeigneten Ladeger\u00e4t an Bord. Dazu geh\u00f6ren zun\u00e4chst der Renault 5 E-Tech electric, der Renault 4 E-Tech electric und die Alpine A290. Die Kunden k\u00f6nnen bei ihrem H\u00e4ndler pr\u00fcfen, ob ihr Modell kompatibel ist.  <\/li>\n\n\n\n<li>Die bidirektionale V2G-Ladestation Solar Life von We Drive Solar**.<\/li>\n\n\n\n<li>Ein spezifischer dynamischer Energievertrag von einem der kompatiblen Anbieter (wie Hegg Energy) &#8211; es wird mehr als einen kompatiblen Anbieter geben, um die Auswahl f\u00fcr den Verbraucher zu erh\u00f6hen &#8211; zusammen mit der entsprechenden mobilen App.<\/li>\n\n\n\n<li>Au\u00dferdem muss sich das Haus in den Niederlanden befinden, f\u00fcr die Installation eines Heimladeger\u00e4ts geeignet sein und \u00fcber einen festen Internetanschluss, einen 3-Phasen-Anschluss und einen intelligenten Z\u00e4hler verf\u00fcgen.<\/li>\n<\/ul>\n\n<h3 class=\"wp-block-heading\"><strong>Markteinf\u00fchrung von V2G<\/strong><\/h3>\n\n<p>In den kommenden Wochen wird eine ausgew\u00e4hlte Gruppe von Early Adopters mit dem Onboarding beginnen, um die Vorteile des V2G-Dienstes zu nutzen. Die vollst\u00e4ndige Markteinf\u00fchrung f\u00fcr die breite \u00d6ffentlichkeit ist f\u00fcr die erste H\u00e4lfte des Jahres 2026 geplant. <\/p>\n\n<p>Im Laufe des Jahres 2026 soll der V2G-Dienst auch f\u00fcr andere Fahrzeuge der Renault-Gruppe zur Verf\u00fcgung stehen. Dies betrifft Modelle, die mit dem entsprechenden V2G-Bordladeger\u00e4t ausgestattet sind. Weitere Produktinformationen werden zu diesem Zeitpunkt bekannt gegeben.  <\/p>\n\n<p>Weitere Einzelheiten werden in K\u00fcrze auf der kommenden Website ver\u00f6ffentlicht.<\/p>\n\n<p>* Nationaal Laadonderzoek 2023 (ElaadNL, VER, RVO)<\/p>\n\n<p>** Diese Station kann auch Elektro- oder Plug-in-Hybridfahrzeuge aufladen, die nicht V2G-f\u00e4hig sind, kann aber keinen Strom ins Netz zur\u00fcckspeisen.<\/p>\n\n<h3 class=\"wp-block-heading\"><strong>\u00dcber die Renault-Gruppe<\/strong><\/h3>\n\n<p>Die Renault Gruppe steht an der Spitze einer Mobilit\u00e4t, die sich neu erfindet. Die Gruppe st\u00fctzt sich auf die Komplementarit\u00e4t ihrer vier Marken &#8211; Renault &#8211; Dacia &#8211; Alpine und Mobilize &#8211; und bietet ihren Kunden nachhaltige und innovative Mobilit\u00e4tsl\u00f6sungen. Die Renault Gruppe ist in 114 L\u00e4ndern vertreten und hat im Jahr 2024 2,265 Millionen Fahrzeuge verkauft. Sie besch\u00e4ftigt mehr als 98.000 Mitarbeiter, die t\u00e4glich daf\u00fcr sorgen, dass die Mobilit\u00e4t die Menschen n\u00e4her zusammenbringt.   <\/p>\n\n<p>Die Gruppe ist bereit, sich den Herausforderungen sowohl auf der Stra\u00dfe als auch im Wettbewerb zu stellen, und hat sich zu einem ehrgeizigen und wertsch\u00f6pfenden Wandel verpflichtet, der sich auf die Entwicklung neuer Technologien und Dienstleistungen sowie einer neuen Palette von noch wettbewerbsf\u00e4higeren, ausgewogenen und elektrifizierten Fahrzeugen konzentriert. Im Einklang mit den \u00f6kologischen Herausforderungen hat sich die Gruppe das Ziel gesetzt, bis 2040 in Europa kohlenstoffneutral zu sein. <\/p>\n\n<h3 class=\"wp-block-heading\"><strong>\u00dcber We Drive Solar<\/strong><\/h3>\n\n<p>We Drive Solar ist ein f\u00fchrender Anbieter von intelligenter Ladeinfrastruktur zur Unterst\u00fctzung eines vollst\u00e4ndig erneuerbaren Energiesystems. Das Unternehmen ist seit zehn Jahren im Bereich bidirektionaler L\u00f6sungen t\u00e4tig und liefert bidirektionale AC-Ladeger\u00e4te an internationale Kunden. Durch die Zusammenarbeit mit Herstellern wie Renault hat We Drive Solar mehrere Weltpremieren im Bereich des bidirektionalen Ladens erreicht.  <\/p>\n\n<p>Weitere Informationen: <a href=\"http:\/\/www.wedrivesolar.nl\">www.wedrivesolar.nl<\/a><\/p>\n\n<h3 class=\"wp-block-heading\"><strong>\u00dcber Mobilize<\/strong><\/h3>\n\n<p>Mobilize ist die Marke der Renault Gruppe, die sich den neuen Mobilit\u00e4tstrends widmet. Mobilize unterst\u00fctzt den \u00dcbergang zu einer nachhaltigeren Mobilit\u00e4t, indem es seinen privaten und gewerblichen Kunden Produkte und L\u00f6sungen in den Bereichen Energie, Finanzierung, Konnektivit\u00e4t und Flottenmanagement anbietet. Mobilize entwickelt auch elektrische Mikro-Mobilit\u00e4tsfahrzeuge. Mobilize verk\u00f6rpert die Vision einer nachhaltigen, innovativen Mobilit\u00e4t und ebnet den Weg zur Beschleunigung der Energiewende, indem es sie zug\u00e4nglich und greifbar macht.   <\/p>\n\n<p>Mobilize ist in 40 L\u00e4ndern vertreten und besch\u00e4ftigt mehr als 4.500 Mitarbeiter. Mobilize Financial Services steht unter der direkten Aufsicht der Europ\u00e4ischen Zentralbank unter dem Namen RCI Banque S.A. Weitere Informationen finden Sie unter mobilize.com oder folgen Sie Mobilize auf X, Instagram und LinkedIn. <\/p>\n\n<p><\/p>\n","protected":false},"excerpt":{"rendered":"<p>Schiphol-Rijk, 27. November 2025 &#8211; In Zusammenarbeit mit We Drive Solar f\u00fchrt die Renault Gruppe in den Niederlanden einen Vehicle-to-Grid-Dienst (V2G) ein. Dieser innovative Service erm\u00f6glicht es privaten Verbrauchern, ihre Fahrzeuge zu nutzen, um ihre Stromkosten zu senken. Gleichzeitig k\u00f6nnen sie dazu beitragen, das Stromnetz zu Spitzenzeiten zu entlasten und so die Energiewende aktiv voranzutreiben. [&hellip;]<\/p>\n","protected":false},"author":2,"featured_media":5424,"comment_status":"closed","ping_status":"closed","sticky":false,"template":"","format":"standard","meta":{"_acf_changed":false,"footnotes":""},"categories":[],"tags":[],"class_list":["post-5420","post","type-post","status-publish","format-standard","has-post-thumbnail","hentry"],"acf":[],"yoast_head":"<!-- This site is optimized with the Yoast SEO plugin v27.2 - https:\/\/yoast.com\/product\/yoast-seo-wordpress\/ -->\n<title>Die Renault-Gruppe und We Drive Solar starten den ersten V2G-AC-Service in den Niederlanden - We Drive Solar<\/title>\n<meta name=\"robots\" content=\"index, follow, max-snippet:-1, max-image-preview:large, max-video-preview:-1\" \/>\n<link rel=\"canonical\" href=\"https:\/\/wedrivesolar.com\/de\/die-renault-gruppe-und-we-drive-solar-starten-den-ersten-v2g-ac-service-in-den-niederlanden\/\" \/>\n<meta property=\"og:locale\" content=\"de_DE\" \/>\n<meta property=\"og:type\" content=\"article\" \/>\n<meta property=\"og:title\" content=\"Die Renault-Gruppe und We Drive Solar starten den ersten V2G-AC-Service in den Niederlanden - We Drive Solar\" \/>\n<meta property=\"og:description\" content=\"Schiphol-Rijk, 27. November 2025 &#8211; In Zusammenarbeit mit We Drive Solar f\u00fchrt die Renault Gruppe in den Niederlanden einen Vehicle-to-Grid-Dienst (V2G) ein. Dieser innovative Service erm\u00f6glicht es privaten Verbrauchern, ihre Fahrzeuge zu nutzen, um ihre Stromkosten zu senken. Gleichzeitig k\u00f6nnen sie dazu beitragen, das Stromnetz zu Spitzenzeiten zu entlasten und so die Energiewende aktiv voranzutreiben. [&hellip;]\" \/>\n<meta property=\"og:url\" content=\"https:\/\/wedrivesolar.com\/de\/die-renault-gruppe-und-we-drive-solar-starten-den-ersten-v2g-ac-service-in-den-niederlanden\/\" \/>\n<meta property=\"og:site_name\" content=\"We Drive Solar\" \/>\n<meta property=\"article:published_time\" content=\"2025-11-27T13:29:19+00:00\" \/>\n<meta property=\"article:modified_time\" content=\"2025-11-28T08:01:18+00:00\" \/>\n<meta property=\"og:image\" content=\"https:\/\/wedrivesolar.com\/wp-content\/uploads\/2025\/11\/CadrageCarNR_PwBSolarLife_4K_001-scaled.webp\" \/>\n\t<meta property=\"og:image:width\" content=\"1920\" \/>\n\t<meta property=\"og:image:height\" content=\"1080\" \/>\n\t<meta property=\"og:image:type\" content=\"image\/jpeg\" \/>\n<meta name=\"author\" content=\"Mauro\" \/>\n<meta name=\"twitter:card\" content=\"summary_large_image\" \/>\n<meta name=\"twitter:label1\" content=\"Verfasst von\" \/>\n\t<meta name=\"twitter:data1\" content=\"Mauro\" \/>\n\t<meta name=\"twitter:label2\" content=\"Gesch\u00e4tzte Lesezeit\" \/>\n\t<meta name=\"twitter:data2\" content=\"5\u00a0Minute\" \/>\n<script type=\"application\/ld+json\" class=\"yoast-schema-graph\">{\"@context\":\"https:\/\/schema.org\",\"@graph\":[{\"@type\":\"Article\",\"@id\":\"https:\/\/wedrivesolar.com\/de\/die-renault-gruppe-und-we-drive-solar-starten-den-ersten-v2g-ac-service-in-den-niederlanden\/#article\",\"isPartOf\":{\"@id\":\"https:\/\/wedrivesolar.com\/de\/die-renault-gruppe-und-we-drive-solar-starten-den-ersten-v2g-ac-service-in-den-niederlanden\/\"},\"author\":{\"name\":\"Mauro\",\"@id\":\"https:\/\/wedrivesolar.com\/#\/schema\/person\/986f5e903ad14f7821226b901be00a53\"},\"headline\":\"Die Renault-Gruppe und We Drive Solar starten den ersten V2G-AC-Service in den Niederlanden\",\"datePublished\":\"2025-11-27T13:29:19+00:00\",\"dateModified\":\"2025-11-28T08:01:18+00:00\",\"mainEntityOfPage\":{\"@id\":\"https:\/\/wedrivesolar.com\/de\/die-renault-gruppe-und-we-drive-solar-starten-den-ersten-v2g-ac-service-in-den-niederlanden\/\"},\"wordCount\":1021,\"publisher\":{\"@id\":\"https:\/\/wedrivesolar.com\/#organization\"},\"image\":{\"@id\":\"https:\/\/wedrivesolar.com\/de\/die-renault-gruppe-und-we-drive-solar-starten-den-ersten-v2g-ac-service-in-den-niederlanden\/#primaryimage\"},\"thumbnailUrl\":\"https:\/\/wedrivesolar.com\/wp-content\/uploads\/2025\/11\/CadrageCarNR_PwBSolarLife_4K_001-scaled.webp\",\"inLanguage\":\"de\"},{\"@type\":\"WebPage\",\"@id\":\"https:\/\/wedrivesolar.com\/de\/die-renault-gruppe-und-we-drive-solar-starten-den-ersten-v2g-ac-service-in-den-niederlanden\/\",\"url\":\"https:\/\/wedrivesolar.com\/de\/die-renault-gruppe-und-we-drive-solar-starten-den-ersten-v2g-ac-service-in-den-niederlanden\/\",\"name\":\"Die Renault-Gruppe und We Drive Solar starten den ersten V2G-AC-Service in den Niederlanden - We Drive Solar\",\"isPartOf\":{\"@id\":\"https:\/\/wedrivesolar.com\/#website\"},\"primaryImageOfPage\":{\"@id\":\"https:\/\/wedrivesolar.com\/de\/die-renault-gruppe-und-we-drive-solar-starten-den-ersten-v2g-ac-service-in-den-niederlanden\/#primaryimage\"},\"image\":{\"@id\":\"https:\/\/wedrivesolar.com\/de\/die-renault-gruppe-und-we-drive-solar-starten-den-ersten-v2g-ac-service-in-den-niederlanden\/#primaryimage\"},\"thumbnailUrl\":\"https:\/\/wedrivesolar.com\/wp-content\/uploads\/2025\/11\/CadrageCarNR_PwBSolarLife_4K_001-scaled.webp\",\"datePublished\":\"2025-11-27T13:29:19+00:00\",\"dateModified\":\"2025-11-28T08:01:18+00:00\",\"breadcrumb\":{\"@id\":\"https:\/\/wedrivesolar.com\/de\/die-renault-gruppe-und-we-drive-solar-starten-den-ersten-v2g-ac-service-in-den-niederlanden\/#breadcrumb\"},\"inLanguage\":\"de\",\"potentialAction\":[{\"@type\":\"ReadAction\",\"target\":[\"https:\/\/wedrivesolar.com\/de\/die-renault-gruppe-und-we-drive-solar-starten-den-ersten-v2g-ac-service-in-den-niederlanden\/\"]}]},{\"@type\":\"ImageObject\",\"inLanguage\":\"de\",\"@id\":\"https:\/\/wedrivesolar.com\/de\/die-renault-gruppe-und-we-drive-solar-starten-den-ersten-v2g-ac-service-in-den-niederlanden\/#primaryimage\",\"url\":\"https:\/\/wedrivesolar.com\/wp-content\/uploads\/2025\/11\/CadrageCarNR_PwBSolarLife_4K_001-scaled.webp\",\"contentUrl\":\"https:\/\/wedrivesolar.com\/wp-content\/uploads\/2025\/11\/CadrageCarNR_PwBSolarLife_4K_001-scaled.webp\",\"width\":1920,\"height\":1080},{\"@type\":\"BreadcrumbList\",\"@id\":\"https:\/\/wedrivesolar.com\/de\/die-renault-gruppe-und-we-drive-solar-starten-den-ersten-v2g-ac-service-in-den-niederlanden\/#breadcrumb\",\"itemListElement\":[{\"@type\":\"ListItem\",\"position\":1,\"name\":\"Startseite\",\"item\":\"https:\/\/wedrivesolar.com\/\"},{\"@type\":\"ListItem\",\"position\":2,\"name\":\"Die Renault-Gruppe und We Drive Solar starten den ersten V2G-AC-Service in den Niederlanden\"}]},{\"@type\":\"WebSite\",\"@id\":\"https:\/\/wedrivesolar.com\/#website\",\"url\":\"https:\/\/wedrivesolar.com\/\",\"name\":\"We Drive Solar\",\"description\":\"Shaping the electricity grid of the future\",\"publisher\":{\"@id\":\"https:\/\/wedrivesolar.com\/#organization\"},\"potentialAction\":[{\"@type\":\"SearchAction\",\"target\":{\"@type\":\"EntryPoint\",\"urlTemplate\":\"https:\/\/wedrivesolar.com\/?s={search_term_string}\"},\"query-input\":{\"@type\":\"PropertyValueSpecification\",\"valueRequired\":true,\"valueName\":\"search_term_string\"}}],\"inLanguage\":\"de\"},{\"@type\":\"Organization\",\"@id\":\"https:\/\/wedrivesolar.com\/#organization\",\"name\":\"We Drive Solar\",\"url\":\"https:\/\/wedrivesolar.com\/\",\"logo\":{\"@type\":\"ImageObject\",\"inLanguage\":\"de\",\"@id\":\"https:\/\/wedrivesolar.com\/#\/schema\/logo\/image\/\",\"url\":\"https:\/\/wedrivesolar.com\/wp-content\/uploads\/2025\/04\/cropped-wedrivesolar_transparant.png\",\"contentUrl\":\"https:\/\/wedrivesolar.com\/wp-content\/uploads\/2025\/04\/cropped-wedrivesolar_transparant.png\",\"width\":1280,\"height\":201,\"caption\":\"We Drive Solar\"},\"image\":{\"@id\":\"https:\/\/wedrivesolar.com\/#\/schema\/logo\/image\/\"}},{\"@type\":\"Person\",\"@id\":\"https:\/\/wedrivesolar.com\/#\/schema\/person\/986f5e903ad14f7821226b901be00a53\",\"name\":\"Mauro\",\"image\":{\"@type\":\"ImageObject\",\"inLanguage\":\"de\",\"@id\":\"https:\/\/secure.gravatar.com\/avatar\/7c4d968f295a99662932f5d4f633ff7b246a499f584c4e7ca8bca5bc719f459f?s=96&d=mm&r=g\",\"url\":\"https:\/\/secure.gravatar.com\/avatar\/7c4d968f295a99662932f5d4f633ff7b246a499f584c4e7ca8bca5bc719f459f?s=96&d=mm&r=g\",\"contentUrl\":\"https:\/\/secure.gravatar.com\/avatar\/7c4d968f295a99662932f5d4f633ff7b246a499f584c4e7ca8bca5bc719f459f?s=96&d=mm&r=g\",\"caption\":\"Mauro\"},\"url\":\"https:\/\/wedrivesolar.com\/de\/author\/mauro\/\"}]}<\/script>\n<!-- \/ Yoast SEO plugin. -->","yoast_head_json":{"title":"Die Renault-Gruppe und We Drive Solar starten den ersten V2G-AC-Service in den Niederlanden - We Drive Solar","robots":{"index":"index","follow":"follow","max-snippet":"max-snippet:-1","max-image-preview":"max-image-preview:large","max-video-preview":"max-video-preview:-1"},"canonical":"https:\/\/wedrivesolar.com\/de\/die-renault-gruppe-und-we-drive-solar-starten-den-ersten-v2g-ac-service-in-den-niederlanden\/","og_locale":"de_DE","og_type":"article","og_title":"Die Renault-Gruppe und We Drive Solar starten den ersten V2G-AC-Service in den Niederlanden - We Drive Solar","og_description":"Schiphol-Rijk, 27. November 2025 &#8211; In Zusammenarbeit mit We Drive Solar f\u00fchrt die Renault Gruppe in den Niederlanden einen Vehicle-to-Grid-Dienst (V2G) ein. Dieser innovative Service erm\u00f6glicht es privaten Verbrauchern, ihre Fahrzeuge zu nutzen, um ihre Stromkosten zu senken. Gleichzeitig k\u00f6nnen sie dazu beitragen, das Stromnetz zu Spitzenzeiten zu entlasten und so die Energiewende aktiv voranzutreiben. [&hellip;]","og_url":"https:\/\/wedrivesolar.com\/de\/die-renault-gruppe-und-we-drive-solar-starten-den-ersten-v2g-ac-service-in-den-niederlanden\/","og_site_name":"We Drive Solar","article_published_time":"2025-11-27T13:29:19+00:00","article_modified_time":"2025-11-28T08:01:18+00:00","og_image":[{"width":1920,"height":1080,"url":"https:\/\/wedrivesolar.com\/wp-content\/uploads\/2025\/11\/CadrageCarNR_PwBSolarLife_4K_001-scaled.webp","type":"image\/jpeg"}],"author":"Mauro","twitter_card":"summary_large_image","twitter_misc":{"Verfasst von":"Mauro","Gesch\u00e4tzte Lesezeit":"5\u00a0Minute"},"schema":{"@context":"https:\/\/schema.org","@graph":[{"@type":"Article","@id":"https:\/\/wedrivesolar.com\/de\/die-renault-gruppe-und-we-drive-solar-starten-den-ersten-v2g-ac-service-in-den-niederlanden\/#article","isPartOf":{"@id":"https:\/\/wedrivesolar.com\/de\/die-renault-gruppe-und-we-drive-solar-starten-den-ersten-v2g-ac-service-in-den-niederlanden\/"},"author":{"name":"Mauro","@id":"https:\/\/wedrivesolar.com\/#\/schema\/person\/986f5e903ad14f7821226b901be00a53"},"headline":"Die Renault-Gruppe und We Drive Solar starten den ersten V2G-AC-Service in den Niederlanden","datePublished":"2025-11-27T13:29:19+00:00","dateModified":"2025-11-28T08:01:18+00:00","mainEntityOfPage":{"@id":"https:\/\/wedrivesolar.com\/de\/die-renault-gruppe-und-we-drive-solar-starten-den-ersten-v2g-ac-service-in-den-niederlanden\/"},"wordCount":1021,"publisher":{"@id":"https:\/\/wedrivesolar.com\/#organization"},"image":{"@id":"https:\/\/wedrivesolar.com\/de\/die-renault-gruppe-und-we-drive-solar-starten-den-ersten-v2g-ac-service-in-den-niederlanden\/#primaryimage"},"thumbnailUrl":"https:\/\/wedrivesolar.com\/wp-content\/uploads\/2025\/11\/CadrageCarNR_PwBSolarLife_4K_001-scaled.webp","inLanguage":"de"},{"@type":"WebPage","@id":"https:\/\/wedrivesolar.com\/de\/die-renault-gruppe-und-we-drive-solar-starten-den-ersten-v2g-ac-service-in-den-niederlanden\/","url":"https:\/\/wedrivesolar.com\/de\/die-renault-gruppe-und-we-drive-solar-starten-den-ersten-v2g-ac-service-in-den-niederlanden\/","name":"Die Renault-Gruppe und We Drive Solar starten den ersten V2G-AC-Service in den Niederlanden - We Drive Solar","isPartOf":{"@id":"https:\/\/wedrivesolar.com\/#website"},"primaryImageOfPage":{"@id":"https:\/\/wedrivesolar.com\/de\/die-renault-gruppe-und-we-drive-solar-starten-den-ersten-v2g-ac-service-in-den-niederlanden\/#primaryimage"},"image":{"@id":"https:\/\/wedrivesolar.com\/de\/die-renault-gruppe-und-we-drive-solar-starten-den-ersten-v2g-ac-service-in-den-niederlanden\/#primaryimage"},"thumbnailUrl":"https:\/\/wedrivesolar.com\/wp-content\/uploads\/2025\/11\/CadrageCarNR_PwBSolarLife_4K_001-scaled.webp","datePublished":"2025-11-27T13:29:19+00:00","dateModified":"2025-11-28T08:01:18+00:00","breadcrumb":{"@id":"https:\/\/wedrivesolar.com\/de\/die-renault-gruppe-und-we-drive-solar-starten-den-ersten-v2g-ac-service-in-den-niederlanden\/#breadcrumb"},"inLanguage":"de","potentialAction":[{"@type":"ReadAction","target":["https:\/\/wedrivesolar.com\/de\/die-renault-gruppe-und-we-drive-solar-starten-den-ersten-v2g-ac-service-in-den-niederlanden\/"]}]},{"@type":"ImageObject","inLanguage":"de","@id":"https:\/\/wedrivesolar.com\/de\/die-renault-gruppe-und-we-drive-solar-starten-den-ersten-v2g-ac-service-in-den-niederlanden\/#primaryimage","url":"https:\/\/wedrivesolar.com\/wp-content\/uploads\/2025\/11\/CadrageCarNR_PwBSolarLife_4K_001-scaled.webp","contentUrl":"https:\/\/wedrivesolar.com\/wp-content\/uploads\/2025\/11\/CadrageCarNR_PwBSolarLife_4K_001-scaled.webp","width":1920,"height":1080},{"@type":"BreadcrumbList","@id":"https:\/\/wedrivesolar.com\/de\/die-renault-gruppe-und-we-drive-solar-starten-den-ersten-v2g-ac-service-in-den-niederlanden\/#breadcrumb","itemListElement":[{"@type":"ListItem","position":1,"name":"Startseite","item":"https:\/\/wedrivesolar.com\/"},{"@type":"ListItem","position":2,"name":"Die Renault-Gruppe und We Drive Solar starten den ersten V2G-AC-Service in den Niederlanden"}]},{"@type":"WebSite","@id":"https:\/\/wedrivesolar.com\/#website","url":"https:\/\/wedrivesolar.com\/","name":"We Drive Solar","description":"Shaping the electricity grid of the future","publisher":{"@id":"https:\/\/wedrivesolar.com\/#organization"},"potentialAction":[{"@type":"SearchAction","target":{"@type":"EntryPoint","urlTemplate":"https:\/\/wedrivesolar.com\/?s={search_term_string}"},"query-input":{"@type":"PropertyValueSpecification","valueRequired":true,"valueName":"search_term_string"}}],"inLanguage":"de"},{"@type":"Organization","@id":"https:\/\/wedrivesolar.com\/#organization","name":"We Drive Solar","url":"https:\/\/wedrivesolar.com\/","logo":{"@type":"ImageObject","inLanguage":"de","@id":"https:\/\/wedrivesolar.com\/#\/schema\/logo\/image\/","url":"https:\/\/wedrivesolar.com\/wp-content\/uploads\/2025\/04\/cropped-wedrivesolar_transparant.png","contentUrl":"https:\/\/wedrivesolar.com\/wp-content\/uploads\/2025\/04\/cropped-wedrivesolar_transparant.png","width":1280,"height":201,"caption":"We Drive Solar"},"image":{"@id":"https:\/\/wedrivesolar.com\/#\/schema\/logo\/image\/"}},{"@type":"Person","@id":"https:\/\/wedrivesolar.com\/#\/schema\/person\/986f5e903ad14f7821226b901be00a53","name":"Mauro","image":{"@type":"ImageObject","inLanguage":"de","@id":"https:\/\/secure.gravatar.com\/avatar\/7c4d968f295a99662932f5d4f633ff7b246a499f584c4e7ca8bca5bc719f459f?s=96&d=mm&r=g","url":"https:\/\/secure.gravatar.com\/avatar\/7c4d968f295a99662932f5d4f633ff7b246a499f584c4e7ca8bca5bc719f459f?s=96&d=mm&r=g","contentUrl":"https:\/\/secure.gravatar.com\/avatar\/7c4d968f295a99662932f5d4f633ff7b246a499f584c4e7ca8bca5bc719f459f?s=96&d=mm&r=g","caption":"Mauro"},"url":"https:\/\/wedrivesolar.com\/de\/author\/mauro\/"}]}},"_links":{"self":[{"href":"https:\/\/wedrivesolar.com\/de\/wp-json\/wp\/v2\/posts\/5420","targetHints":{"allow":["GET"]}}],"collection":[{"href":"https:\/\/wedrivesolar.com\/de\/wp-json\/wp\/v2\/posts"}],"about":[{"href":"https:\/\/wedrivesolar.com\/de\/wp-json\/wp\/v2\/types\/post"}],"author":[{"embeddable":true,"href":"https:\/\/wedrivesolar.com\/de\/wp-json\/wp\/v2\/users\/2"}],"replies":[{"embeddable":true,"href":"https:\/\/wedrivesolar.com\/de\/wp-json\/wp\/v2\/comments?post=5420"}],"version-history":[{"count":0,"href":"https:\/\/wedrivesolar.com\/de\/wp-json\/wp\/v2\/posts\/5420\/revisions"}],"wp:featuredmedia":[{"embeddable":true,"href":"https:\/\/wedrivesolar.com\/de\/wp-json\/wp\/v2\/media\/5424"}],"wp:attachment":[{"href":"https:\/\/wedrivesolar.com\/de\/wp-json\/wp\/v2\/media?parent=5420"}],"wp:term":[{"taxonomy":"category","embeddable":true,"href":"https:\/\/wedrivesolar.com\/de\/wp-json\/wp\/v2\/categories?post=5420"},{"taxonomy":"post_tag","embeddable":true,"href":"https:\/\/wedrivesolar.com\/de\/wp-json\/wp\/v2\/tags?post=5420"}],"curies":[{"name":"wp","href":"https:\/\/api.w.org\/{rel}","templated":true}]}}