{"id":5012,"date":"2025-04-02T06:04:00","date_gmt":"2025-04-02T06:04:00","guid":{"rendered":"https:\/\/wedrivesolar.com\/panel-v2g-en-aquisgran-lecciones-del-mundo-real-y-el-camino-hacia-la-escala\/"},"modified":"2025-11-03T14:09:19","modified_gmt":"2025-11-03T14:09:19","slug":"panel-v2g-en-aquisgran-lecciones-del-mundo-real-y-el-camino-hacia-la-escala","status":"publish","type":"post","link":"https:\/\/wedrivesolar.com\/es\/panel-v2g-en-aquisgran-lecciones-del-mundo-real-y-el-camino-hacia-la-escala\/","title":{"rendered":"Panel V2G en Aquisgr\u00e1n: Lecciones del mundo real y el camino hacia la escala"},"content":{"rendered":"\n<p>El 2 de abril se reuni\u00f3 en <em>la Haus der Technik<\/em> de Aquisgr\u00e1n un grupo de destacados expertos en carga bidireccional para debatir sobre la situaci\u00f3n actual de la tecnolog\u00eda V2G (Vehicle-to-Grid) y hacia d\u00f3nde se dirige.<\/p>\n\n<p>Robin Berg particip\u00f3 en el panel en nombre de We Drive Solar, junto con expertos de BMW Group, E.ON y FfE. Juntos, exploraron las realidades t\u00e9cnicas de convertir los veh\u00edculos el\u00e9ctricos en activos energ\u00e9ticos flexibles que puedan apoyar a los hogares, los barrios y la red m\u00e1s amplia. <\/p>\n\n<p>Moderada por Marian Willuhn, la sesi\u00f3n ofreci\u00f3 una mezcla de ideas pr\u00e1cticas, retos cr\u00edticos y di\u00e1logo abierto sobre lo que se necesita para pasar de los proyectos piloto a la adopci\u00f3n generalizada.<\/p>\n\n<p><strong>Panelistas:<\/strong> <\/p>\n\n<p>\ud83d\udd39 Robin Berg &#8211; <em>We Drive Solar<\/em><br\/>\ud83d\udd39 Marco Piffaretti &#8211; <em>Tarea 53 &#8211; Interoperabilidad de la carga bidireccional (INBID)<\/em><br\/>\ud83d\udd39 Jens Berger &#8211; <em>Grupo BMW<\/em><br\/>\ud83d\udd39 Alexander Gaytandjiev &#8211; <em>E.ON<\/em><br\/>\ud83d\udd39 Patrick Vollmuth &#8211; <em>FfE<\/em><br\/>\ud83d\udd39 Markus Hackmann &#8211; <em>P3<\/em><\/p>\n\n<p>Aunque el concepto es sencillo -utilizar los VE como bater\u00edas m\u00f3viles-, la puesta en pr\u00e1ctica es cualquier cosa menos eso. Aun as\u00ed, proyectos de \u00e9xito como el de Utrecht demuestran que no s\u00f3lo es posible, sino que ya est\u00e1 ocurriendo. <\/p>\n","protected":false},"excerpt":{"rendered":"<p>El 2 de abril se reuni\u00f3 en la Haus der Technik de Aquisgr\u00e1n un grupo de destacados expertos en carga bidireccional para debatir sobre la situaci\u00f3n actual de la tecnolog\u00eda V2G (Vehicle-to-Grid) y hacia d\u00f3nde se dirige. Robin Berg particip\u00f3 en el panel en nombre de We Drive Solar, junto con expertos de BMW Group, [&hellip;]<\/p>\n","protected":false},"author":2,"featured_media":5015,"comment_status":"closed","ping_status":"closed","sticky":false,"template":"","format":"standard","meta":{"_acf_changed":false,"footnotes":""},"categories":[71],"tags":[],"class_list":["post-5012","post","type-post","status-publish","format-standard","has-post-thumbnail","hentry","category-sin-categoria"],"acf":[],"yoast_head":"<!-- This site is optimized with the Yoast SEO plugin v27.2 - https:\/\/yoast.com\/product\/yoast-seo-wordpress\/ -->\n<title>Panel V2G en Aquisgr\u00e1n: Lecciones del mundo real y el camino hacia la escala - We Drive Solar<\/title>\n<meta name=\"robots\" content=\"index, follow, max-snippet:-1, max-image-preview:large, max-video-preview:-1\" \/>\n<link rel=\"canonical\" href=\"https:\/\/wedrivesolar.com\/es\/panel-v2g-en-aquisgran-lecciones-del-mundo-real-y-el-camino-hacia-la-escala\/\" \/>\n<meta property=\"og:locale\" content=\"es_ES\" \/>\n<meta property=\"og:type\" content=\"article\" \/>\n<meta property=\"og:title\" content=\"Panel V2G en Aquisgr\u00e1n: Lecciones del mundo real y el camino hacia la escala - We Drive Solar\" \/>\n<meta property=\"og:description\" content=\"El 2 de abril se reuni\u00f3 en la Haus der Technik de Aquisgr\u00e1n un grupo de destacados expertos en carga bidireccional para debatir sobre la situaci\u00f3n actual de la tecnolog\u00eda V2G (Vehicle-to-Grid) y hacia d\u00f3nde se dirige. Robin Berg particip\u00f3 en el panel en nombre de We Drive Solar, junto con expertos de BMW Group, [&hellip;]\" \/>\n<meta property=\"og:url\" content=\"https:\/\/wedrivesolar.com\/es\/panel-v2g-en-aquisgran-lecciones-del-mundo-real-y-el-camino-hacia-la-escala\/\" \/>\n<meta property=\"og:site_name\" content=\"We Drive Solar\" \/>\n<meta property=\"article:published_time\" content=\"2025-04-02T06:04:00+00:00\" \/>\n<meta property=\"article:modified_time\" content=\"2025-11-03T14:09:19+00:00\" \/>\n<meta property=\"og:image\" content=\"https:\/\/wedrivesolar.com\/wp-content\/uploads\/2025\/04\/Aachen.jpeg\" \/>\n\t<meta property=\"og:image:width\" content=\"1920\" \/>\n\t<meta property=\"og:image:height\" content=\"1536\" \/>\n\t<meta property=\"og:image:type\" content=\"image\/jpeg\" \/>\n<meta name=\"author\" content=\"Mauro\" \/>\n<meta name=\"twitter:card\" content=\"summary_large_image\" \/>\n<meta name=\"twitter:label1\" content=\"Escrito por\" \/>\n\t<meta name=\"twitter:data1\" content=\"Mauro\" \/>\n\t<meta name=\"twitter:label2\" content=\"Tiempo de lectura\" \/>\n\t<meta name=\"twitter:data2\" content=\"1 minuto\" \/>\n<script type=\"application\/ld+json\" class=\"yoast-schema-graph\">{\"@context\":\"https:\/\/schema.org\",\"@graph\":[{\"@type\":\"Article\",\"@id\":\"https:\/\/wedrivesolar.com\/es\/panel-v2g-en-aquisgran-lecciones-del-mundo-real-y-el-camino-hacia-la-escala\/#article\",\"isPartOf\":{\"@id\":\"https:\/\/wedrivesolar.com\/es\/panel-v2g-en-aquisgran-lecciones-del-mundo-real-y-el-camino-hacia-la-escala\/\"},\"author\":{\"name\":\"Mauro\",\"@id\":\"https:\/\/wedrivesolar.com\/#\/schema\/person\/986f5e903ad14f7821226b901be00a53\"},\"headline\":\"Panel V2G en Aquisgr\u00e1n: Lecciones del mundo real y el camino hacia la escala\",\"datePublished\":\"2025-04-02T06:04:00+00:00\",\"dateModified\":\"2025-11-03T14:09:19+00:00\",\"mainEntityOfPage\":{\"@id\":\"https:\/\/wedrivesolar.com\/es\/panel-v2g-en-aquisgran-lecciones-del-mundo-real-y-el-camino-hacia-la-escala\/\"},\"wordCount\":228,\"publisher\":{\"@id\":\"https:\/\/wedrivesolar.com\/#organization\"},\"image\":{\"@id\":\"https:\/\/wedrivesolar.com\/es\/panel-v2g-en-aquisgran-lecciones-del-mundo-real-y-el-camino-hacia-la-escala\/#primaryimage\"},\"thumbnailUrl\":\"https:\/\/wedrivesolar.com\/wp-content\/uploads\/2025\/04\/Aachen.jpeg\",\"inLanguage\":\"es\"},{\"@type\":\"WebPage\",\"@id\":\"https:\/\/wedrivesolar.com\/es\/panel-v2g-en-aquisgran-lecciones-del-mundo-real-y-el-camino-hacia-la-escala\/\",\"url\":\"https:\/\/wedrivesolar.com\/es\/panel-v2g-en-aquisgran-lecciones-del-mundo-real-y-el-camino-hacia-la-escala\/\",\"name\":\"Panel V2G en Aquisgr\u00e1n: Lecciones del mundo real y el camino hacia la escala - We Drive Solar\",\"isPartOf\":{\"@id\":\"https:\/\/wedrivesolar.com\/#website\"},\"primaryImageOfPage\":{\"@id\":\"https:\/\/wedrivesolar.com\/es\/panel-v2g-en-aquisgran-lecciones-del-mundo-real-y-el-camino-hacia-la-escala\/#primaryimage\"},\"image\":{\"@id\":\"https:\/\/wedrivesolar.com\/es\/panel-v2g-en-aquisgran-lecciones-del-mundo-real-y-el-camino-hacia-la-escala\/#primaryimage\"},\"thumbnailUrl\":\"https:\/\/wedrivesolar.com\/wp-content\/uploads\/2025\/04\/Aachen.jpeg\",\"datePublished\":\"2025-04-02T06:04:00+00:00\",\"dateModified\":\"2025-11-03T14:09:19+00:00\",\"breadcrumb\":{\"@id\":\"https:\/\/wedrivesolar.com\/es\/panel-v2g-en-aquisgran-lecciones-del-mundo-real-y-el-camino-hacia-la-escala\/#breadcrumb\"},\"inLanguage\":\"es\",\"potentialAction\":[{\"@type\":\"ReadAction\",\"target\":[\"https:\/\/wedrivesolar.com\/es\/panel-v2g-en-aquisgran-lecciones-del-mundo-real-y-el-camino-hacia-la-escala\/\"]}]},{\"@type\":\"ImageObject\",\"inLanguage\":\"es\",\"@id\":\"https:\/\/wedrivesolar.com\/es\/panel-v2g-en-aquisgran-lecciones-del-mundo-real-y-el-camino-hacia-la-escala\/#primaryimage\",\"url\":\"https:\/\/wedrivesolar.com\/wp-content\/uploads\/2025\/04\/Aachen.jpeg\",\"contentUrl\":\"https:\/\/wedrivesolar.com\/wp-content\/uploads\/2025\/04\/Aachen.jpeg\",\"width\":1920,\"height\":1536},{\"@type\":\"BreadcrumbList\",\"@id\":\"https:\/\/wedrivesolar.com\/es\/panel-v2g-en-aquisgran-lecciones-del-mundo-real-y-el-camino-hacia-la-escala\/#breadcrumb\",\"itemListElement\":[{\"@type\":\"ListItem\",\"position\":1,\"name\":\"Inicio\",\"item\":\"https:\/\/wedrivesolar.com\/es\/inicio\/\"},{\"@type\":\"ListItem\",\"position\":2,\"name\":\"Panel V2G en Aquisgr\u00e1n: Lecciones del mundo real y el camino hacia la escala\"}]},{\"@type\":\"WebSite\",\"@id\":\"https:\/\/wedrivesolar.com\/#website\",\"url\":\"https:\/\/wedrivesolar.com\/\",\"name\":\"We Drive Solar\",\"description\":\"Shaping the electricity grid of the future\",\"publisher\":{\"@id\":\"https:\/\/wedrivesolar.com\/#organization\"},\"potentialAction\":[{\"@type\":\"SearchAction\",\"target\":{\"@type\":\"EntryPoint\",\"urlTemplate\":\"https:\/\/wedrivesolar.com\/?s={search_term_string}\"},\"query-input\":{\"@type\":\"PropertyValueSpecification\",\"valueRequired\":true,\"valueName\":\"search_term_string\"}}],\"inLanguage\":\"es\"},{\"@type\":\"Organization\",\"@id\":\"https:\/\/wedrivesolar.com\/#organization\",\"name\":\"We Drive Solar\",\"url\":\"https:\/\/wedrivesolar.com\/\",\"logo\":{\"@type\":\"ImageObject\",\"inLanguage\":\"es\",\"@id\":\"https:\/\/wedrivesolar.com\/#\/schema\/logo\/image\/\",\"url\":\"https:\/\/wedrivesolar.com\/wp-content\/uploads\/2025\/04\/cropped-wedrivesolar_transparant.png\",\"contentUrl\":\"https:\/\/wedrivesolar.com\/wp-content\/uploads\/2025\/04\/cropped-wedrivesolar_transparant.png\",\"width\":1280,\"height\":201,\"caption\":\"We Drive Solar\"},\"image\":{\"@id\":\"https:\/\/wedrivesolar.com\/#\/schema\/logo\/image\/\"}},{\"@type\":\"Person\",\"@id\":\"https:\/\/wedrivesolar.com\/#\/schema\/person\/986f5e903ad14f7821226b901be00a53\",\"name\":\"Mauro\",\"image\":{\"@type\":\"ImageObject\",\"inLanguage\":\"es\",\"@id\":\"https:\/\/secure.gravatar.com\/avatar\/7c4d968f295a99662932f5d4f633ff7b246a499f584c4e7ca8bca5bc719f459f?s=96&d=mm&r=g\",\"url\":\"https:\/\/secure.gravatar.com\/avatar\/7c4d968f295a99662932f5d4f633ff7b246a499f584c4e7ca8bca5bc719f459f?s=96&d=mm&r=g\",\"contentUrl\":\"https:\/\/secure.gravatar.com\/avatar\/7c4d968f295a99662932f5d4f633ff7b246a499f584c4e7ca8bca5bc719f459f?s=96&d=mm&r=g\",\"caption\":\"Mauro\"},\"url\":\"https:\/\/wedrivesolar.com\/es\/author\/mauro\/\"}]}<\/script>\n<!-- \/ Yoast SEO plugin. -->","yoast_head_json":{"title":"Panel V2G en Aquisgr\u00e1n: Lecciones del mundo real y el camino hacia la escala - We Drive Solar","robots":{"index":"index","follow":"follow","max-snippet":"max-snippet:-1","max-image-preview":"max-image-preview:large","max-video-preview":"max-video-preview:-1"},"canonical":"https:\/\/wedrivesolar.com\/es\/panel-v2g-en-aquisgran-lecciones-del-mundo-real-y-el-camino-hacia-la-escala\/","og_locale":"es_ES","og_type":"article","og_title":"Panel V2G en Aquisgr\u00e1n: Lecciones del mundo real y el camino hacia la escala - We Drive Solar","og_description":"El 2 de abril se reuni\u00f3 en la Haus der Technik de Aquisgr\u00e1n un grupo de destacados expertos en carga bidireccional para debatir sobre la situaci\u00f3n actual de la tecnolog\u00eda V2G (Vehicle-to-Grid) y hacia d\u00f3nde se dirige. Robin Berg particip\u00f3 en el panel en nombre de We Drive Solar, junto con expertos de BMW Group, [&hellip;]","og_url":"https:\/\/wedrivesolar.com\/es\/panel-v2g-en-aquisgran-lecciones-del-mundo-real-y-el-camino-hacia-la-escala\/","og_site_name":"We Drive Solar","article_published_time":"2025-04-02T06:04:00+00:00","article_modified_time":"2025-11-03T14:09:19+00:00","og_image":[{"width":1920,"height":1536,"url":"https:\/\/wedrivesolar.com\/wp-content\/uploads\/2025\/04\/Aachen.jpeg","type":"image\/jpeg"}],"author":"Mauro","twitter_card":"summary_large_image","twitter_misc":{"Escrito por":"Mauro","Tiempo de lectura":"1 minuto"},"schema":{"@context":"https:\/\/schema.org","@graph":[{"@type":"Article","@id":"https:\/\/wedrivesolar.com\/es\/panel-v2g-en-aquisgran-lecciones-del-mundo-real-y-el-camino-hacia-la-escala\/#article","isPartOf":{"@id":"https:\/\/wedrivesolar.com\/es\/panel-v2g-en-aquisgran-lecciones-del-mundo-real-y-el-camino-hacia-la-escala\/"},"author":{"name":"Mauro","@id":"https:\/\/wedrivesolar.com\/#\/schema\/person\/986f5e903ad14f7821226b901be00a53"},"headline":"Panel V2G en Aquisgr\u00e1n: Lecciones del mundo real y el camino hacia la escala","datePublished":"2025-04-02T06:04:00+00:00","dateModified":"2025-11-03T14:09:19+00:00","mainEntityOfPage":{"@id":"https:\/\/wedrivesolar.com\/es\/panel-v2g-en-aquisgran-lecciones-del-mundo-real-y-el-camino-hacia-la-escala\/"},"wordCount":228,"publisher":{"@id":"https:\/\/wedrivesolar.com\/#organization"},"image":{"@id":"https:\/\/wedrivesolar.com\/es\/panel-v2g-en-aquisgran-lecciones-del-mundo-real-y-el-camino-hacia-la-escala\/#primaryimage"},"thumbnailUrl":"https:\/\/wedrivesolar.com\/wp-content\/uploads\/2025\/04\/Aachen.jpeg","inLanguage":"es"},{"@type":"WebPage","@id":"https:\/\/wedrivesolar.com\/es\/panel-v2g-en-aquisgran-lecciones-del-mundo-real-y-el-camino-hacia-la-escala\/","url":"https:\/\/wedrivesolar.com\/es\/panel-v2g-en-aquisgran-lecciones-del-mundo-real-y-el-camino-hacia-la-escala\/","name":"Panel V2G en Aquisgr\u00e1n: Lecciones del mundo real y el camino hacia la escala - We Drive Solar","isPartOf":{"@id":"https:\/\/wedrivesolar.com\/#website"},"primaryImageOfPage":{"@id":"https:\/\/wedrivesolar.com\/es\/panel-v2g-en-aquisgran-lecciones-del-mundo-real-y-el-camino-hacia-la-escala\/#primaryimage"},"image":{"@id":"https:\/\/wedrivesolar.com\/es\/panel-v2g-en-aquisgran-lecciones-del-mundo-real-y-el-camino-hacia-la-escala\/#primaryimage"},"thumbnailUrl":"https:\/\/wedrivesolar.com\/wp-content\/uploads\/2025\/04\/Aachen.jpeg","datePublished":"2025-04-02T06:04:00+00:00","dateModified":"2025-11-03T14:09:19+00:00","breadcrumb":{"@id":"https:\/\/wedrivesolar.com\/es\/panel-v2g-en-aquisgran-lecciones-del-mundo-real-y-el-camino-hacia-la-escala\/#breadcrumb"},"inLanguage":"es","potentialAction":[{"@type":"ReadAction","target":["https:\/\/wedrivesolar.com\/es\/panel-v2g-en-aquisgran-lecciones-del-mundo-real-y-el-camino-hacia-la-escala\/"]}]},{"@type":"ImageObject","inLanguage":"es","@id":"https:\/\/wedrivesolar.com\/es\/panel-v2g-en-aquisgran-lecciones-del-mundo-real-y-el-camino-hacia-la-escala\/#primaryimage","url":"https:\/\/wedrivesolar.com\/wp-content\/uploads\/2025\/04\/Aachen.jpeg","contentUrl":"https:\/\/wedrivesolar.com\/wp-content\/uploads\/2025\/04\/Aachen.jpeg","width":1920,"height":1536},{"@type":"BreadcrumbList","@id":"https:\/\/wedrivesolar.com\/es\/panel-v2g-en-aquisgran-lecciones-del-mundo-real-y-el-camino-hacia-la-escala\/#breadcrumb","itemListElement":[{"@type":"ListItem","position":1,"name":"Inicio","item":"https:\/\/wedrivesolar.com\/es\/inicio\/"},{"@type":"ListItem","position":2,"name":"Panel V2G en Aquisgr\u00e1n: Lecciones del mundo real y el camino hacia la escala"}]},{"@type":"WebSite","@id":"https:\/\/wedrivesolar.com\/#website","url":"https:\/\/wedrivesolar.com\/","name":"We Drive Solar","description":"Shaping the electricity grid of the future","publisher":{"@id":"https:\/\/wedrivesolar.com\/#organization"},"potentialAction":[{"@type":"SearchAction","target":{"@type":"EntryPoint","urlTemplate":"https:\/\/wedrivesolar.com\/?s={search_term_string}"},"query-input":{"@type":"PropertyValueSpecification","valueRequired":true,"valueName":"search_term_string"}}],"inLanguage":"es"},{"@type":"Organization","@id":"https:\/\/wedrivesolar.com\/#organization","name":"We Drive Solar","url":"https:\/\/wedrivesolar.com\/","logo":{"@type":"ImageObject","inLanguage":"es","@id":"https:\/\/wedrivesolar.com\/#\/schema\/logo\/image\/","url":"https:\/\/wedrivesolar.com\/wp-content\/uploads\/2025\/04\/cropped-wedrivesolar_transparant.png","contentUrl":"https:\/\/wedrivesolar.com\/wp-content\/uploads\/2025\/04\/cropped-wedrivesolar_transparant.png","width":1280,"height":201,"caption":"We Drive Solar"},"image":{"@id":"https:\/\/wedrivesolar.com\/#\/schema\/logo\/image\/"}},{"@type":"Person","@id":"https:\/\/wedrivesolar.com\/#\/schema\/person\/986f5e903ad14f7821226b901be00a53","name":"Mauro","image":{"@type":"ImageObject","inLanguage":"es","@id":"https:\/\/secure.gravatar.com\/avatar\/7c4d968f295a99662932f5d4f633ff7b246a499f584c4e7ca8bca5bc719f459f?s=96&d=mm&r=g","url":"https:\/\/secure.gravatar.com\/avatar\/7c4d968f295a99662932f5d4f633ff7b246a499f584c4e7ca8bca5bc719f459f?s=96&d=mm&r=g","contentUrl":"https:\/\/secure.gravatar.com\/avatar\/7c4d968f295a99662932f5d4f633ff7b246a499f584c4e7ca8bca5bc719f459f?s=96&d=mm&r=g","caption":"Mauro"},"url":"https:\/\/wedrivesolar.com\/es\/author\/mauro\/"}]}},"_links":{"self":[{"href":"https:\/\/wedrivesolar.com\/es\/wp-json\/wp\/v2\/posts\/5012","targetHints":{"allow":["GET"]}}],"collection":[{"href":"https:\/\/wedrivesolar.com\/es\/wp-json\/wp\/v2\/posts"}],"about":[{"href":"https:\/\/wedrivesolar.com\/es\/wp-json\/wp\/v2\/types\/post"}],"author":[{"embeddable":true,"href":"https:\/\/wedrivesolar.com\/es\/wp-json\/wp\/v2\/users\/2"}],"replies":[{"embeddable":true,"href":"https:\/\/wedrivesolar.com\/es\/wp-json\/wp\/v2\/comments?post=5012"}],"version-history":[{"count":0,"href":"https:\/\/wedrivesolar.com\/es\/wp-json\/wp\/v2\/posts\/5012\/revisions"}],"wp:featuredmedia":[{"embeddable":true,"href":"https:\/\/wedrivesolar.com\/es\/wp-json\/wp\/v2\/media\/5015"}],"wp:attachment":[{"href":"https:\/\/wedrivesolar.com\/es\/wp-json\/wp\/v2\/media?parent=5012"}],"wp:term":[{"taxonomy":"category","embeddable":true,"href":"https:\/\/wedrivesolar.com\/es\/wp-json\/wp\/v2\/categories?post=5012"},{"taxonomy":"post_tag","embeddable":true,"href":"https:\/\/wedrivesolar.com\/es\/wp-json\/wp\/v2\/tags?post=5012"}],"curies":[{"name":"wp","href":"https:\/\/api.w.org\/{rel}","templated":true}]}}