{"id":5104,"date":"2025-09-11T11:30:24","date_gmt":"2025-09-11T11:30:24","guid":{"rendered":"https:\/\/wedrivesolar.com\/con-estaciones-de-carga-inteligentes-y-coches-como-baterias-de-barrio-estamos-acelerando-la-transicion-energetica\/"},"modified":"2025-11-03T14:10:17","modified_gmt":"2025-11-03T14:10:17","slug":"con-estaciones-de-carga-inteligentes-y-coches-como-baterias-de-barrio-estamos-acelerando-la-transicion-energetica","status":"publish","type":"post","link":"https:\/\/wedrivesolar.com\/es\/con-estaciones-de-carga-inteligentes-y-coches-como-baterias-de-barrio-estamos-acelerando-la-transicion-energetica\/","title":{"rendered":"Con estaciones de carga inteligentes y coches como bater\u00edas de barrio, estamos acelerando la transici\u00f3n energ\u00e9tica"},"content":{"rendered":"\n<p>El NRC ha publicado recientemente un extenso art\u00edculo sobre Robin Berg y el papel de We Drive Solar en la transici\u00f3n energ\u00e9tica. A continuaci\u00f3n resumimos los puntos m\u00e1s importantes. Para leer el art\u00edculo completo, consulta <a href=\"https:\/\/www.nrc.nl\/nieuws\/2025\/09\/08\/met-slimme-laadpalen-en-autos-als-buurtbatterijen-de-energietransitie-versnellen-de-politiek-moet-harder-doorpakken-op-de-nieuwe-economie-a4905373?d\">NRC<\/a>.  <\/p>\n\n<h3 class=\"wp-block-heading\">Coches como bater\u00edas de barrio<\/h3>\n\n<p>Los coches el\u00e9ctricos son algo m\u00e1s que un medio de transporte. Sus bater\u00edas tienen una enorme capacidad para almacenar energ\u00eda solar y e\u00f3lica y devolverla a la red cuando se producen picos de demanda. Con s\u00f3lo el 10% de todos los coches de una ciudad como Utrecht conectados a la red, se puede evitar en gran medida la sobrecarga. Esto transforma el coche de un problema en una soluci\u00f3n: de ocupar espacio a proporcionar energ\u00eda.   <\/p>\n\n<h3 class=\"wp-block-heading\">Innovaci\u00f3n a pesar de la inercia pol\u00edtica<\/h3>\n\n<p>Seg\u00fan Berg, la pol\u00edtica se est\u00e1 quedando rezagada a la hora de responder a la nueva econom\u00eda. Sin embargo, la tecnolog\u00eda sigue avanzando. Mientras los gobiernos debaten, los pioneros y los consumidores impulsan el cambio. Gracias en parte al sistema de medici\u00f3n neta, Holanda se ha convertido en el l\u00edder mundial en paneles solares per c\u00e1pita. Sin embargo, este \u00e9xito est\u00e1 ejerciendo ahora una presi\u00f3n adicional sobre una red que no est\u00e1 dise\u00f1ada para gestionar tanta energ\u00eda renovable.    <\/p>\n\n<h3 class=\"wp-block-heading\">Colaboraci\u00f3n y ampliaci\u00f3n<\/h3>\n\n<p>We Drive Solar colabora con Renault y MyWheels en el primer despliegue a gran escala de coches compartidos bidireccionales en Utrecht. Esta combinaci\u00f3n de coche compartido y almacenamiento de energ\u00eda es \u00fanica en Europa y demuestra c\u00f3mo una colaboraci\u00f3n escalable puede acelerar la transici\u00f3n. <\/p>\n\n<h3 class=\"wp-block-heading\">La nueva econom\u00eda<\/h3>\n\n<p>Berg prefiere no hablar de &#8220;econom\u00eda verde&#8221;, sino de nueva econom\u00eda. Tecnolog\u00edas como la carga bidireccional no son marginales ni idealistas: son sencillamente mejores, m\u00e1s eficientes y m\u00e1s independientes que las alternativas de combustibles f\u00f3siles. Los pa\u00edses que adopten esto m\u00e1s r\u00e1pidamente ser\u00e1n los ganadores en la nueva econom\u00eda global.  <\/p>\n\n<hr class=\"wp-block-separator has-alpha-channel-opacity\"\/>\n\n<p>\u00bfQuieres saber m\u00e1s? Lee el art\u00edculo completo en <a href=\"https:\/\/www.nrc.nl\/nieuws\/2025\/09\/08\/met-slimme-laadpalen-en-autos-als-buurtbatterijen-de-energietransitie-versnellen-de-politiek-moet-harder-doorpakken-op-de-nieuwe-economie-a4905373?d\">NRC<\/a>. <\/p>\n\n<p><\/p>\n","protected":false},"excerpt":{"rendered":"<p>El NRC ha publicado recientemente un extenso art\u00edculo sobre Robin Berg y el papel de We Drive Solar en la transici\u00f3n energ\u00e9tica. A continuaci\u00f3n resumimos los puntos m\u00e1s importantes. Para leer el art\u00edculo completo, consulta NRC. Coches como bater\u00edas de barrio Los coches el\u00e9ctricos son algo m\u00e1s que un medio de transporte. Sus bater\u00edas tienen [&hellip;]<\/p>\n","protected":false},"author":2,"featured_media":5105,"comment_status":"closed","ping_status":"closed","sticky":false,"template":"","format":"standard","meta":{"_acf_changed":false,"footnotes":""},"categories":[71],"tags":[],"class_list":["post-5104","post","type-post","status-publish","format-standard","has-post-thumbnail","hentry","category-sin-categoria"],"acf":[],"yoast_head":"<!-- This site is optimized with the Yoast SEO plugin v27.2 - https:\/\/yoast.com\/product\/yoast-seo-wordpress\/ -->\n<title>Con estaciones de carga inteligentes y coches como bater\u00edas de barrio, estamos acelerando la transici\u00f3n energ\u00e9tica - We Drive Solar<\/title>\n<meta name=\"robots\" content=\"index, follow, max-snippet:-1, max-image-preview:large, max-video-preview:-1\" \/>\n<link rel=\"canonical\" href=\"https:\/\/wedrivesolar.com\/es\/con-estaciones-de-carga-inteligentes-y-coches-como-baterias-de-barrio-estamos-acelerando-la-transicion-energetica\/\" \/>\n<meta property=\"og:locale\" content=\"es_ES\" \/>\n<meta property=\"og:type\" content=\"article\" \/>\n<meta property=\"og:title\" content=\"Con estaciones de carga inteligentes y coches como bater\u00edas de barrio, estamos acelerando la transici\u00f3n energ\u00e9tica - We Drive Solar\" \/>\n<meta property=\"og:description\" content=\"El NRC ha publicado recientemente un extenso art\u00edculo sobre Robin Berg y el papel de We Drive Solar en la transici\u00f3n energ\u00e9tica. A continuaci\u00f3n resumimos los puntos m\u00e1s importantes. Para leer el art\u00edculo completo, consulta NRC. Coches como bater\u00edas de barrio Los coches el\u00e9ctricos son algo m\u00e1s que un medio de transporte. Sus bater\u00edas tienen [&hellip;]\" \/>\n<meta property=\"og:url\" content=\"https:\/\/wedrivesolar.com\/es\/con-estaciones-de-carga-inteligentes-y-coches-como-baterias-de-barrio-estamos-acelerando-la-transicion-energetica\/\" \/>\n<meta property=\"og:site_name\" content=\"We Drive Solar\" \/>\n<meta property=\"article:published_time\" content=\"2025-09-11T11:30:24+00:00\" \/>\n<meta property=\"article:modified_time\" content=\"2025-11-03T14:10:17+00:00\" \/>\n<meta property=\"og:image\" content=\"https:\/\/wedrivesolar.com\/wp-content\/uploads\/2025\/09\/data137076841-31b211.webp\" \/>\n\t<meta property=\"og:image:width\" content=\"1920\" \/>\n\t<meta property=\"og:image:height\" content=\"1281\" \/>\n\t<meta property=\"og:image:type\" content=\"image\/webp\" \/>\n<meta name=\"author\" content=\"Mauro\" \/>\n<meta name=\"twitter:card\" content=\"summary_large_image\" \/>\n<meta name=\"twitter:label1\" content=\"Escrito por\" \/>\n\t<meta name=\"twitter:data1\" content=\"Mauro\" \/>\n\t<meta name=\"twitter:label2\" content=\"Tiempo de lectura\" \/>\n\t<meta name=\"twitter:data2\" content=\"2 minuto\" \/>\n<script type=\"application\/ld+json\" class=\"yoast-schema-graph\">{\"@context\":\"https:\/\/schema.org\",\"@graph\":[{\"@type\":\"Article\",\"@id\":\"https:\/\/wedrivesolar.com\/es\/con-estaciones-de-carga-inteligentes-y-coches-como-baterias-de-barrio-estamos-acelerando-la-transicion-energetica\/#article\",\"isPartOf\":{\"@id\":\"https:\/\/wedrivesolar.com\/es\/con-estaciones-de-carga-inteligentes-y-coches-como-baterias-de-barrio-estamos-acelerando-la-transicion-energetica\/\"},\"author\":{\"name\":\"Mauro\",\"@id\":\"https:\/\/wedrivesolar.com\/#\/schema\/person\/986f5e903ad14f7821226b901be00a53\"},\"headline\":\"Con estaciones de carga inteligentes y coches como bater\u00edas de barrio, estamos acelerando la transici\u00f3n energ\u00e9tica\",\"datePublished\":\"2025-09-11T11:30:24+00:00\",\"dateModified\":\"2025-11-03T14:10:17+00:00\",\"mainEntityOfPage\":{\"@id\":\"https:\/\/wedrivesolar.com\/es\/con-estaciones-de-carga-inteligentes-y-coches-como-baterias-de-barrio-estamos-acelerando-la-transicion-energetica\/\"},\"wordCount\":376,\"publisher\":{\"@id\":\"https:\/\/wedrivesolar.com\/#organization\"},\"image\":{\"@id\":\"https:\/\/wedrivesolar.com\/es\/con-estaciones-de-carga-inteligentes-y-coches-como-baterias-de-barrio-estamos-acelerando-la-transicion-energetica\/#primaryimage\"},\"thumbnailUrl\":\"https:\/\/wedrivesolar.com\/wp-content\/uploads\/2025\/09\/data137076841-31b211.webp\",\"inLanguage\":\"es\"},{\"@type\":\"WebPage\",\"@id\":\"https:\/\/wedrivesolar.com\/es\/con-estaciones-de-carga-inteligentes-y-coches-como-baterias-de-barrio-estamos-acelerando-la-transicion-energetica\/\",\"url\":\"https:\/\/wedrivesolar.com\/es\/con-estaciones-de-carga-inteligentes-y-coches-como-baterias-de-barrio-estamos-acelerando-la-transicion-energetica\/\",\"name\":\"Con estaciones de carga inteligentes y coches como bater\u00edas de barrio, estamos acelerando la transici\u00f3n energ\u00e9tica - We Drive Solar\",\"isPartOf\":{\"@id\":\"https:\/\/wedrivesolar.com\/#website\"},\"primaryImageOfPage\":{\"@id\":\"https:\/\/wedrivesolar.com\/es\/con-estaciones-de-carga-inteligentes-y-coches-como-baterias-de-barrio-estamos-acelerando-la-transicion-energetica\/#primaryimage\"},\"image\":{\"@id\":\"https:\/\/wedrivesolar.com\/es\/con-estaciones-de-carga-inteligentes-y-coches-como-baterias-de-barrio-estamos-acelerando-la-transicion-energetica\/#primaryimage\"},\"thumbnailUrl\":\"https:\/\/wedrivesolar.com\/wp-content\/uploads\/2025\/09\/data137076841-31b211.webp\",\"datePublished\":\"2025-09-11T11:30:24+00:00\",\"dateModified\":\"2025-11-03T14:10:17+00:00\",\"breadcrumb\":{\"@id\":\"https:\/\/wedrivesolar.com\/es\/con-estaciones-de-carga-inteligentes-y-coches-como-baterias-de-barrio-estamos-acelerando-la-transicion-energetica\/#breadcrumb\"},\"inLanguage\":\"es\",\"potentialAction\":[{\"@type\":\"ReadAction\",\"target\":[\"https:\/\/wedrivesolar.com\/es\/con-estaciones-de-carga-inteligentes-y-coches-como-baterias-de-barrio-estamos-acelerando-la-transicion-energetica\/\"]}]},{\"@type\":\"ImageObject\",\"inLanguage\":\"es\",\"@id\":\"https:\/\/wedrivesolar.com\/es\/con-estaciones-de-carga-inteligentes-y-coches-como-baterias-de-barrio-estamos-acelerando-la-transicion-energetica\/#primaryimage\",\"url\":\"https:\/\/wedrivesolar.com\/wp-content\/uploads\/2025\/09\/data137076841-31b211.webp\",\"contentUrl\":\"https:\/\/wedrivesolar.com\/wp-content\/uploads\/2025\/09\/data137076841-31b211.webp\",\"width\":1920,\"height\":1281},{\"@type\":\"BreadcrumbList\",\"@id\":\"https:\/\/wedrivesolar.com\/es\/con-estaciones-de-carga-inteligentes-y-coches-como-baterias-de-barrio-estamos-acelerando-la-transicion-energetica\/#breadcrumb\",\"itemListElement\":[{\"@type\":\"ListItem\",\"position\":1,\"name\":\"Inicio\",\"item\":\"https:\/\/wedrivesolar.com\/es\/inicio\/\"},{\"@type\":\"ListItem\",\"position\":2,\"name\":\"Con estaciones de carga inteligentes y coches como bater\u00edas de barrio, estamos acelerando la transici\u00f3n energ\u00e9tica\"}]},{\"@type\":\"WebSite\",\"@id\":\"https:\/\/wedrivesolar.com\/#website\",\"url\":\"https:\/\/wedrivesolar.com\/\",\"name\":\"We Drive Solar\",\"description\":\"Shaping the electricity grid of the future\",\"publisher\":{\"@id\":\"https:\/\/wedrivesolar.com\/#organization\"},\"potentialAction\":[{\"@type\":\"SearchAction\",\"target\":{\"@type\":\"EntryPoint\",\"urlTemplate\":\"https:\/\/wedrivesolar.com\/?s={search_term_string}\"},\"query-input\":{\"@type\":\"PropertyValueSpecification\",\"valueRequired\":true,\"valueName\":\"search_term_string\"}}],\"inLanguage\":\"es\"},{\"@type\":\"Organization\",\"@id\":\"https:\/\/wedrivesolar.com\/#organization\",\"name\":\"We Drive Solar\",\"url\":\"https:\/\/wedrivesolar.com\/\",\"logo\":{\"@type\":\"ImageObject\",\"inLanguage\":\"es\",\"@id\":\"https:\/\/wedrivesolar.com\/#\/schema\/logo\/image\/\",\"url\":\"https:\/\/wedrivesolar.com\/wp-content\/uploads\/2025\/04\/cropped-wedrivesolar_transparant.png\",\"contentUrl\":\"https:\/\/wedrivesolar.com\/wp-content\/uploads\/2025\/04\/cropped-wedrivesolar_transparant.png\",\"width\":1280,\"height\":201,\"caption\":\"We Drive Solar\"},\"image\":{\"@id\":\"https:\/\/wedrivesolar.com\/#\/schema\/logo\/image\/\"}},{\"@type\":\"Person\",\"@id\":\"https:\/\/wedrivesolar.com\/#\/schema\/person\/986f5e903ad14f7821226b901be00a53\",\"name\":\"Mauro\",\"image\":{\"@type\":\"ImageObject\",\"inLanguage\":\"es\",\"@id\":\"https:\/\/secure.gravatar.com\/avatar\/7c4d968f295a99662932f5d4f633ff7b246a499f584c4e7ca8bca5bc719f459f?s=96&d=mm&r=g\",\"url\":\"https:\/\/secure.gravatar.com\/avatar\/7c4d968f295a99662932f5d4f633ff7b246a499f584c4e7ca8bca5bc719f459f?s=96&d=mm&r=g\",\"contentUrl\":\"https:\/\/secure.gravatar.com\/avatar\/7c4d968f295a99662932f5d4f633ff7b246a499f584c4e7ca8bca5bc719f459f?s=96&d=mm&r=g\",\"caption\":\"Mauro\"},\"url\":\"https:\/\/wedrivesolar.com\/es\/author\/mauro\/\"}]}<\/script>\n<!-- \/ Yoast SEO plugin. -->","yoast_head_json":{"title":"Con estaciones de carga inteligentes y coches como bater\u00edas de barrio, estamos acelerando la transici\u00f3n energ\u00e9tica - We Drive Solar","robots":{"index":"index","follow":"follow","max-snippet":"max-snippet:-1","max-image-preview":"max-image-preview:large","max-video-preview":"max-video-preview:-1"},"canonical":"https:\/\/wedrivesolar.com\/es\/con-estaciones-de-carga-inteligentes-y-coches-como-baterias-de-barrio-estamos-acelerando-la-transicion-energetica\/","og_locale":"es_ES","og_type":"article","og_title":"Con estaciones de carga inteligentes y coches como bater\u00edas de barrio, estamos acelerando la transici\u00f3n energ\u00e9tica - We Drive Solar","og_description":"El NRC ha publicado recientemente un extenso art\u00edculo sobre Robin Berg y el papel de We Drive Solar en la transici\u00f3n energ\u00e9tica. A continuaci\u00f3n resumimos los puntos m\u00e1s importantes. Para leer el art\u00edculo completo, consulta NRC. Coches como bater\u00edas de barrio Los coches el\u00e9ctricos son algo m\u00e1s que un medio de transporte. Sus bater\u00edas tienen [&hellip;]","og_url":"https:\/\/wedrivesolar.com\/es\/con-estaciones-de-carga-inteligentes-y-coches-como-baterias-de-barrio-estamos-acelerando-la-transicion-energetica\/","og_site_name":"We Drive Solar","article_published_time":"2025-09-11T11:30:24+00:00","article_modified_time":"2025-11-03T14:10:17+00:00","og_image":[{"width":1920,"height":1281,"url":"https:\/\/wedrivesolar.com\/wp-content\/uploads\/2025\/09\/data137076841-31b211.webp","type":"image\/webp"}],"author":"Mauro","twitter_card":"summary_large_image","twitter_misc":{"Escrito por":"Mauro","Tiempo de lectura":"2 minuto"},"schema":{"@context":"https:\/\/schema.org","@graph":[{"@type":"Article","@id":"https:\/\/wedrivesolar.com\/es\/con-estaciones-de-carga-inteligentes-y-coches-como-baterias-de-barrio-estamos-acelerando-la-transicion-energetica\/#article","isPartOf":{"@id":"https:\/\/wedrivesolar.com\/es\/con-estaciones-de-carga-inteligentes-y-coches-como-baterias-de-barrio-estamos-acelerando-la-transicion-energetica\/"},"author":{"name":"Mauro","@id":"https:\/\/wedrivesolar.com\/#\/schema\/person\/986f5e903ad14f7821226b901be00a53"},"headline":"Con estaciones de carga inteligentes y coches como bater\u00edas de barrio, estamos acelerando la transici\u00f3n energ\u00e9tica","datePublished":"2025-09-11T11:30:24+00:00","dateModified":"2025-11-03T14:10:17+00:00","mainEntityOfPage":{"@id":"https:\/\/wedrivesolar.com\/es\/con-estaciones-de-carga-inteligentes-y-coches-como-baterias-de-barrio-estamos-acelerando-la-transicion-energetica\/"},"wordCount":376,"publisher":{"@id":"https:\/\/wedrivesolar.com\/#organization"},"image":{"@id":"https:\/\/wedrivesolar.com\/es\/con-estaciones-de-carga-inteligentes-y-coches-como-baterias-de-barrio-estamos-acelerando-la-transicion-energetica\/#primaryimage"},"thumbnailUrl":"https:\/\/wedrivesolar.com\/wp-content\/uploads\/2025\/09\/data137076841-31b211.webp","inLanguage":"es"},{"@type":"WebPage","@id":"https:\/\/wedrivesolar.com\/es\/con-estaciones-de-carga-inteligentes-y-coches-como-baterias-de-barrio-estamos-acelerando-la-transicion-energetica\/","url":"https:\/\/wedrivesolar.com\/es\/con-estaciones-de-carga-inteligentes-y-coches-como-baterias-de-barrio-estamos-acelerando-la-transicion-energetica\/","name":"Con estaciones de carga inteligentes y coches como bater\u00edas de barrio, estamos acelerando la transici\u00f3n energ\u00e9tica - We Drive Solar","isPartOf":{"@id":"https:\/\/wedrivesolar.com\/#website"},"primaryImageOfPage":{"@id":"https:\/\/wedrivesolar.com\/es\/con-estaciones-de-carga-inteligentes-y-coches-como-baterias-de-barrio-estamos-acelerando-la-transicion-energetica\/#primaryimage"},"image":{"@id":"https:\/\/wedrivesolar.com\/es\/con-estaciones-de-carga-inteligentes-y-coches-como-baterias-de-barrio-estamos-acelerando-la-transicion-energetica\/#primaryimage"},"thumbnailUrl":"https:\/\/wedrivesolar.com\/wp-content\/uploads\/2025\/09\/data137076841-31b211.webp","datePublished":"2025-09-11T11:30:24+00:00","dateModified":"2025-11-03T14:10:17+00:00","breadcrumb":{"@id":"https:\/\/wedrivesolar.com\/es\/con-estaciones-de-carga-inteligentes-y-coches-como-baterias-de-barrio-estamos-acelerando-la-transicion-energetica\/#breadcrumb"},"inLanguage":"es","potentialAction":[{"@type":"ReadAction","target":["https:\/\/wedrivesolar.com\/es\/con-estaciones-de-carga-inteligentes-y-coches-como-baterias-de-barrio-estamos-acelerando-la-transicion-energetica\/"]}]},{"@type":"ImageObject","inLanguage":"es","@id":"https:\/\/wedrivesolar.com\/es\/con-estaciones-de-carga-inteligentes-y-coches-como-baterias-de-barrio-estamos-acelerando-la-transicion-energetica\/#primaryimage","url":"https:\/\/wedrivesolar.com\/wp-content\/uploads\/2025\/09\/data137076841-31b211.webp","contentUrl":"https:\/\/wedrivesolar.com\/wp-content\/uploads\/2025\/09\/data137076841-31b211.webp","width":1920,"height":1281},{"@type":"BreadcrumbList","@id":"https:\/\/wedrivesolar.com\/es\/con-estaciones-de-carga-inteligentes-y-coches-como-baterias-de-barrio-estamos-acelerando-la-transicion-energetica\/#breadcrumb","itemListElement":[{"@type":"ListItem","position":1,"name":"Inicio","item":"https:\/\/wedrivesolar.com\/es\/inicio\/"},{"@type":"ListItem","position":2,"name":"Con estaciones de carga inteligentes y coches como bater\u00edas de barrio, estamos acelerando la transici\u00f3n energ\u00e9tica"}]},{"@type":"WebSite","@id":"https:\/\/wedrivesolar.com\/#website","url":"https:\/\/wedrivesolar.com\/","name":"We Drive Solar","description":"Shaping the electricity grid of the future","publisher":{"@id":"https:\/\/wedrivesolar.com\/#organization"},"potentialAction":[{"@type":"SearchAction","target":{"@type":"EntryPoint","urlTemplate":"https:\/\/wedrivesolar.com\/?s={search_term_string}"},"query-input":{"@type":"PropertyValueSpecification","valueRequired":true,"valueName":"search_term_string"}}],"inLanguage":"es"},{"@type":"Organization","@id":"https:\/\/wedrivesolar.com\/#organization","name":"We Drive Solar","url":"https:\/\/wedrivesolar.com\/","logo":{"@type":"ImageObject","inLanguage":"es","@id":"https:\/\/wedrivesolar.com\/#\/schema\/logo\/image\/","url":"https:\/\/wedrivesolar.com\/wp-content\/uploads\/2025\/04\/cropped-wedrivesolar_transparant.png","contentUrl":"https:\/\/wedrivesolar.com\/wp-content\/uploads\/2025\/04\/cropped-wedrivesolar_transparant.png","width":1280,"height":201,"caption":"We Drive Solar"},"image":{"@id":"https:\/\/wedrivesolar.com\/#\/schema\/logo\/image\/"}},{"@type":"Person","@id":"https:\/\/wedrivesolar.com\/#\/schema\/person\/986f5e903ad14f7821226b901be00a53","name":"Mauro","image":{"@type":"ImageObject","inLanguage":"es","@id":"https:\/\/secure.gravatar.com\/avatar\/7c4d968f295a99662932f5d4f633ff7b246a499f584c4e7ca8bca5bc719f459f?s=96&d=mm&r=g","url":"https:\/\/secure.gravatar.com\/avatar\/7c4d968f295a99662932f5d4f633ff7b246a499f584c4e7ca8bca5bc719f459f?s=96&d=mm&r=g","contentUrl":"https:\/\/secure.gravatar.com\/avatar\/7c4d968f295a99662932f5d4f633ff7b246a499f584c4e7ca8bca5bc719f459f?s=96&d=mm&r=g","caption":"Mauro"},"url":"https:\/\/wedrivesolar.com\/es\/author\/mauro\/"}]}},"_links":{"self":[{"href":"https:\/\/wedrivesolar.com\/es\/wp-json\/wp\/v2\/posts\/5104","targetHints":{"allow":["GET"]}}],"collection":[{"href":"https:\/\/wedrivesolar.com\/es\/wp-json\/wp\/v2\/posts"}],"about":[{"href":"https:\/\/wedrivesolar.com\/es\/wp-json\/wp\/v2\/types\/post"}],"author":[{"embeddable":true,"href":"https:\/\/wedrivesolar.com\/es\/wp-json\/wp\/v2\/users\/2"}],"replies":[{"embeddable":true,"href":"https:\/\/wedrivesolar.com\/es\/wp-json\/wp\/v2\/comments?post=5104"}],"version-history":[{"count":0,"href":"https:\/\/wedrivesolar.com\/es\/wp-json\/wp\/v2\/posts\/5104\/revisions"}],"wp:featuredmedia":[{"embeddable":true,"href":"https:\/\/wedrivesolar.com\/es\/wp-json\/wp\/v2\/media\/5105"}],"wp:attachment":[{"href":"https:\/\/wedrivesolar.com\/es\/wp-json\/wp\/v2\/media?parent=5104"}],"wp:term":[{"taxonomy":"category","embeddable":true,"href":"https:\/\/wedrivesolar.com\/es\/wp-json\/wp\/v2\/categories?post=5104"},{"taxonomy":"post_tag","embeddable":true,"href":"https:\/\/wedrivesolar.com\/es\/wp-json\/wp\/v2\/tags?post=5104"}],"curies":[{"name":"wp","href":"https:\/\/api.w.org\/{rel}","templated":true}]}}