{"id":5137,"date":"2025-06-04T16:00:00","date_gmt":"2025-06-04T16:00:00","guid":{"rendered":"https:\/\/wedrivesolar.com\/utrecht-se-convierte-en-la-primera-ciudad-europea-con-un-servicio-de-vehiculo-a-red-v2g-para-compartir-coche\/"},"modified":"2026-01-19T10:52:22","modified_gmt":"2026-01-19T10:52:22","slug":"utrecht-se-convierte-en-la-primera-ciudad-europea-con-un-servicio-de-vehiculo-a-red-v2g-para-compartir-coche","status":"publish","type":"post","link":"https:\/\/wedrivesolar.com\/es\/utrecht-se-convierte-en-la-primera-ciudad-europea-con-un-servicio-de-vehiculo-a-red-v2g-para-compartir-coche\/","title":{"rendered":"Utrecht se convierte en la primera ciudad europea con un servicio de veh\u00edculo a red (V2G) para compartir coche"},"content":{"rendered":"\n<ul class=\"wp-block-list\">\n<li>&#8220;Utrecht energizada&#8221;: una colaboraci\u00f3n \u00fanica entre el Grupo Renault, We Drive Solar, MyWheels y el Ayuntamiento de Utrecht<\/li>\n\n\n\n<li>Estreno mundial de la carga bidireccional de CA para el almacenamiento sostenible de energ\u00eda en coches compartidos<\/li>\n\n\n\n<li>Primer ecosistema V2G plenamente operativo en una ciudad europea, dise\u00f1ado para estabilizar la red y ofrecer a los habitantes de Utrecht una soluci\u00f3n de movilidad asequible y sostenible<\/li>\n\n\n\n<li>El Grupo Renault suministra 500 modelos el\u00e9ctricos con tecnolog\u00eda Mobilize V2G.  <\/li>\n\n\n\n<li>Ya est\u00e1n disponibles 50 Renault 5 E-Tech el\u00e9ctricos; la flota incluir\u00e1 pronto el Renault 4 E-Tech el\u00e9ctrico, el Renault Megane E-Tech el\u00e9ctrico y el Renault Scenic E-Tech el\u00e9ctrico.<\/li>\n\n\n\n<li>El Grupo Renault pide un marco regulador favorable para liberar todo el potencial de los coches el\u00e9ctricos.<\/li>\n<\/ul>\n\n<div style=\"height:50px\" aria-hidden=\"true\" class=\"wp-block-spacer\"><\/div>\n\n<p><strong>Schiphol-Rijk, 5 de junio de 2025 &#8211; El Grupo Renault, MyWheels y We Drive Solar, junto con el Ayuntamiento de Utrecht, anuncian la puesta en marcha del primer servicio a gran escala de veh\u00edculo a red (V2G) para compartir coche en Europa: Utrecht energized. La iniciativa apoya un sistema energ\u00e9tico m\u00e1s sostenible y eficiente en una ciudad donde el 35% de los tejados ya est\u00e1n equipados con paneles solares. Gracias a la tecnolog\u00eda V2G, los veh\u00edculos el\u00e9ctricos pueden almacenar energ\u00eda y devolverla a la red local durante los periodos punta, de modo que la energ\u00eda renovable sigue estando disponible las 24 horas del d\u00eda. Combinando un servicio de movilidad compartida con tecnolog\u00eda avanzada, el proyecto mantiene el equilibrio de la red local al tiempo que acelera la transici\u00f3n hacia un transporte urbano sostenible.   <\/strong><\/p>\n\n<div style=\"height:50px\" aria-hidden=\"true\" class=\"wp-block-spacer\"><\/div>\n\n<p>El lanzamiento de este servicio de coches compartidos a gran escala, que utiliza la tecnolog\u00eda V2G, se anunci\u00f3 en noviembre de 2024 y ya est\u00e1 en marcha. Esta iniciativa, que representa un paso decisivo hacia una movilidad m\u00e1s limpia, promueve la disponibilidad a gran escala de coches el\u00e9ctricos compartidos, al tiempo que contribuye a equilibrar la red el\u00e9ctrica de la ciudad mediante la pionera tecnolog\u00eda de carga bidireccional. Holanda es l\u00edder mundial en el despliegue de energ\u00eda solar y e\u00f3lica, y Utrecht figura entre las ciudades europeas m\u00e1s progresistas en materia de energ\u00edas renovables, con un 35% de tejados equipados con paneles solares. El uso de energ\u00edas renovables plantea retos a la red debido a su despliegue masivo, que provoca elevados picos en el suministro de energ\u00eda. Gestionar la red con una elevada proporci\u00f3n de renovables requiere un sistema que se adapte r\u00e1pidamente a los cambios en la generaci\u00f3n y el consumo de energ\u00eda. Aqu\u00ed es donde interviene la tecnolog\u00eda V2G para hacer frente a estos retos.     <\/p>\n\n<p>Ya est\u00e1n disponibles 50 Renault 5 E-Tech el\u00e9ctricos. Disponibles a trav\u00e9s de un servicio de car-sharing gestionado por MyWheels, los veh\u00edculos utilizan la tecnolog\u00eda de carga bidireccional V2G desarrollada por Mobilize, la marca del Grupo Renault dedicada a las nuevas movilidades. Es la primera vez que esta innovadora tecnolog\u00eda se pone a disposici\u00f3n de la infraestructura p\u00fablica, proporcionada por We Drive Solar. Los 500 veh\u00edculos bidireccionales pueden proporcionar el 10% de la flexibilidad necesaria en la regi\u00f3n de Utrecht para equilibrar la electricidad generada por energ\u00eda solar y e\u00f3lica en horas punta.   <\/p>\n\n<div style=\"height:50px\" aria-hidden=\"true\" class=\"wp-block-spacer\"><\/div>\n\n<h3 class=\"wp-block-heading\">Tecnolog\u00eda sostenible para todos<\/h3>\n\n<p>La flota se ampliar\u00e1 posteriormente con otros modelos el\u00e9ctricos E-Tech, demostrando a\u00fan m\u00e1s el compromiso del Grupo Renault con la movilidad sostenible y la innovaci\u00f3n. Su dise\u00f1o compacto y su tecnolog\u00eda avanzada los hacen ideales para los sistemas de car sharing urbanos que avanzan hacia desplazamientos m\u00e1s limpios. La soluci\u00f3n V2G de Mobilize representa un gran avance, que permite a la infraestructura p\u00fablica y a los servicios de We Drive Solar contribuir a gran escala a un sistema energ\u00e9tico m\u00e1s resistente y sostenible.  <\/p>\n\n<div style=\"height:50px\" aria-hidden=\"true\" class=\"wp-block-spacer\"><\/div>\n\n<h3 class=\"wp-block-heading\">Una asociaci\u00f3n con impacto<\/h3>\n\n<p>Los coches compartidos de Renault, equipados con la tecnolog\u00eda V2G de Mobilize, permiten a los usuarios cargar con electricidad limpia y devolver energ\u00eda a la red cuando la demanda es alta. We Drive Solar, l\u00edder internacional en recarga inteligente, proporciona soluciones avanzadas de recarga: cargadores p\u00fablicos bidireccionales de CA y tecnolog\u00eda de agregaci\u00f3n compatibles con el conjunto de herramientas V2G de Mobilize. Los 500 modelos el\u00e9ctricos E-Tech son operados por MyWheels, la mayor empresa de car-sharing de los Pa\u00edses Bajos. Al combinar soluciones de movilidad y energ\u00eda, MyWheels establece un nuevo punto de referencia para el uso compartido de coches y aborda retos urbanos clave.   <\/p>\n\n<p>Esta colaboraci\u00f3n muestra c\u00f3mo las iniciativas p\u00fablico-privadas pueden ofrecer soluciones de movilidad sostenibles y eficientes.<\/p>\n\n<div style=\"height:50px\" aria-hidden=\"true\" class=\"wp-block-spacer\"><\/div>\n\n<figure class=\"wp-block-embed is-type-video is-provider-youtube wp-block-embed-youtube wp-embed-aspect-16-9 wp-has-aspect-ratio\"><div class=\"wp-block-embed__wrapper\">\n<iframe title=\"Utrecht energized, Europa\u2019s eerste grootschalige deelautodienst met Vehicle-to-Grid-technologie\" width=\"800\" height=\"450\" src=\"https:\/\/www.youtube.com\/embed\/3qVh-QdlvYI?feature=oembed\" frameborder=\"0\" allow=\"accelerometer; autoplay; clipboard-write; encrypted-media; gyroscope; picture-in-picture; web-share\" referrerpolicy=\"strict-origin-when-cross-origin\" allowfullscreen><\/iframe>\n<\/div><\/figure>\n\n<p><a href=\"https:\/\/media.renault-group.nl\/utrecht-wordt-eerste-europese-stad-met-een-vehicle-to-grid-v2g-deelautoservice\/\">Para descargarlo, haz clic aqu\u00ed.  <\/a><\/p>\n\n<p><\/p>\n","protected":false},"excerpt":{"rendered":"<p>Schiphol-Rijk, 5 de junio de 2025 &#8211; El Grupo Renault, MyWheels y We Drive Solar, junto con el Ayuntamiento de Utrecht, anuncian la puesta en marcha del primer servicio a gran escala de veh\u00edculo a red (V2G) para compartir coche en Europa: Utrecht energized. La iniciativa apoya un sistema energ\u00e9tico m\u00e1s sostenible y eficiente en [&hellip;]<\/p>\n","protected":false},"author":2,"featured_media":5138,"comment_status":"closed","ping_status":"closed","sticky":false,"template":"","format":"standard","meta":{"_acf_changed":false,"footnotes":""},"categories":[71],"tags":[],"class_list":["post-5137","post","type-post","status-publish","format-standard","has-post-thumbnail","hentry","category-sin-categoria"],"acf":[],"yoast_head":"<!-- This site is optimized with the Yoast SEO plugin v27.2 - https:\/\/yoast.com\/product\/yoast-seo-wordpress\/ -->\n<title>Utrecht se convierte en la primera ciudad europea con un servicio de veh\u00edculo a red (V2G) para compartir coche - We Drive Solar<\/title>\n<meta name=\"robots\" content=\"index, follow, max-snippet:-1, max-image-preview:large, max-video-preview:-1\" \/>\n<link rel=\"canonical\" href=\"https:\/\/wedrivesolar.com\/es\/utrecht-se-convierte-en-la-primera-ciudad-europea-con-un-servicio-de-vehiculo-a-red-v2g-para-compartir-coche\/\" \/>\n<meta property=\"og:locale\" content=\"es_ES\" \/>\n<meta property=\"og:type\" content=\"article\" \/>\n<meta property=\"og:title\" content=\"Utrecht se convierte en la primera ciudad europea con un servicio de veh\u00edculo a red (V2G) para compartir coche - We Drive Solar\" \/>\n<meta property=\"og:description\" content=\"Schiphol-Rijk, 5 de junio de 2025 &#8211; El Grupo Renault, MyWheels y We Drive Solar, junto con el Ayuntamiento de Utrecht, anuncian la puesta en marcha del primer servicio a gran escala de veh\u00edculo a red (V2G) para compartir coche en Europa: Utrecht energized. La iniciativa apoya un sistema energ\u00e9tico m\u00e1s sostenible y eficiente en [&hellip;]\" \/>\n<meta property=\"og:url\" content=\"https:\/\/wedrivesolar.com\/es\/utrecht-se-convierte-en-la-primera-ciudad-europea-con-un-servicio-de-vehiculo-a-red-v2g-para-compartir-coche\/\" \/>\n<meta property=\"og:site_name\" content=\"We Drive Solar\" \/>\n<meta property=\"article:published_time\" content=\"2025-06-04T16:00:00+00:00\" \/>\n<meta property=\"article:modified_time\" content=\"2026-01-19T10:52:22+00:00\" \/>\n<meta property=\"og:image\" content=\"https:\/\/wedrivesolar.com\/wp-content\/uploads\/2025\/05\/VDV9202-scaled.jpg\" \/>\n\t<meta property=\"og:image:width\" content=\"2560\" \/>\n\t<meta property=\"og:image:height\" content=\"1707\" \/>\n\t<meta property=\"og:image:type\" content=\"image\/jpeg\" \/>\n<meta name=\"author\" content=\"Mauro\" \/>\n<meta name=\"twitter:card\" content=\"summary_large_image\" \/>\n<meta name=\"twitter:label1\" content=\"Escrito por\" \/>\n\t<meta name=\"twitter:data1\" content=\"Mauro\" \/>\n\t<meta name=\"twitter:label2\" content=\"Tiempo de lectura\" \/>\n\t<meta name=\"twitter:data2\" content=\"4 minuto\" \/>\n<script type=\"application\/ld+json\" class=\"yoast-schema-graph\">{\"@context\":\"https:\/\/schema.org\",\"@graph\":[{\"@type\":\"Article\",\"@id\":\"https:\/\/wedrivesolar.com\/es\/utrecht-se-convierte-en-la-primera-ciudad-europea-con-un-servicio-de-vehiculo-a-red-v2g-para-compartir-coche\/#article\",\"isPartOf\":{\"@id\":\"https:\/\/wedrivesolar.com\/es\/utrecht-se-convierte-en-la-primera-ciudad-europea-con-un-servicio-de-vehiculo-a-red-v2g-para-compartir-coche\/\"},\"author\":{\"name\":\"Mauro\",\"@id\":\"https:\/\/wedrivesolar.com\/#\/schema\/person\/986f5e903ad14f7821226b901be00a53\"},\"headline\":\"Utrecht se convierte en la primera ciudad europea con un servicio de veh\u00edculo a red (V2G) para compartir coche\",\"datePublished\":\"2025-06-04T16:00:00+00:00\",\"dateModified\":\"2026-01-19T10:52:22+00:00\",\"mainEntityOfPage\":{\"@id\":\"https:\/\/wedrivesolar.com\/es\/utrecht-se-convierte-en-la-primera-ciudad-europea-con-un-servicio-de-vehiculo-a-red-v2g-para-compartir-coche\/\"},\"wordCount\":828,\"publisher\":{\"@id\":\"https:\/\/wedrivesolar.com\/#organization\"},\"image\":{\"@id\":\"https:\/\/wedrivesolar.com\/es\/utrecht-se-convierte-en-la-primera-ciudad-europea-con-un-servicio-de-vehiculo-a-red-v2g-para-compartir-coche\/#primaryimage\"},\"thumbnailUrl\":\"https:\/\/wedrivesolar.com\/wp-content\/uploads\/2025\/05\/VDV9202-scaled.jpg\",\"inLanguage\":\"es\"},{\"@type\":\"WebPage\",\"@id\":\"https:\/\/wedrivesolar.com\/es\/utrecht-se-convierte-en-la-primera-ciudad-europea-con-un-servicio-de-vehiculo-a-red-v2g-para-compartir-coche\/\",\"url\":\"https:\/\/wedrivesolar.com\/es\/utrecht-se-convierte-en-la-primera-ciudad-europea-con-un-servicio-de-vehiculo-a-red-v2g-para-compartir-coche\/\",\"name\":\"Utrecht se convierte en la primera ciudad europea con un servicio de veh\u00edculo a red (V2G) para compartir coche - We Drive Solar\",\"isPartOf\":{\"@id\":\"https:\/\/wedrivesolar.com\/#website\"},\"primaryImageOfPage\":{\"@id\":\"https:\/\/wedrivesolar.com\/es\/utrecht-se-convierte-en-la-primera-ciudad-europea-con-un-servicio-de-vehiculo-a-red-v2g-para-compartir-coche\/#primaryimage\"},\"image\":{\"@id\":\"https:\/\/wedrivesolar.com\/es\/utrecht-se-convierte-en-la-primera-ciudad-europea-con-un-servicio-de-vehiculo-a-red-v2g-para-compartir-coche\/#primaryimage\"},\"thumbnailUrl\":\"https:\/\/wedrivesolar.com\/wp-content\/uploads\/2025\/05\/VDV9202-scaled.jpg\",\"datePublished\":\"2025-06-04T16:00:00+00:00\",\"dateModified\":\"2026-01-19T10:52:22+00:00\",\"breadcrumb\":{\"@id\":\"https:\/\/wedrivesolar.com\/es\/utrecht-se-convierte-en-la-primera-ciudad-europea-con-un-servicio-de-vehiculo-a-red-v2g-para-compartir-coche\/#breadcrumb\"},\"inLanguage\":\"es\",\"potentialAction\":[{\"@type\":\"ReadAction\",\"target\":[\"https:\/\/wedrivesolar.com\/es\/utrecht-se-convierte-en-la-primera-ciudad-europea-con-un-servicio-de-vehiculo-a-red-v2g-para-compartir-coche\/\"]}]},{\"@type\":\"ImageObject\",\"inLanguage\":\"es\",\"@id\":\"https:\/\/wedrivesolar.com\/es\/utrecht-se-convierte-en-la-primera-ciudad-europea-con-un-servicio-de-vehiculo-a-red-v2g-para-compartir-coche\/#primaryimage\",\"url\":\"https:\/\/wedrivesolar.com\/wp-content\/uploads\/2025\/05\/VDV9202-scaled.jpg\",\"contentUrl\":\"https:\/\/wedrivesolar.com\/wp-content\/uploads\/2025\/05\/VDV9202-scaled.jpg\",\"width\":2560,\"height\":1707},{\"@type\":\"BreadcrumbList\",\"@id\":\"https:\/\/wedrivesolar.com\/es\/utrecht-se-convierte-en-la-primera-ciudad-europea-con-un-servicio-de-vehiculo-a-red-v2g-para-compartir-coche\/#breadcrumb\",\"itemListElement\":[{\"@type\":\"ListItem\",\"position\":1,\"name\":\"Inicio\",\"item\":\"https:\/\/wedrivesolar.com\/es\/inicio\/\"},{\"@type\":\"ListItem\",\"position\":2,\"name\":\"Utrecht se convierte en la primera ciudad europea con un servicio de veh\u00edculo a red (V2G) para compartir coche\"}]},{\"@type\":\"WebSite\",\"@id\":\"https:\/\/wedrivesolar.com\/#website\",\"url\":\"https:\/\/wedrivesolar.com\/\",\"name\":\"We Drive Solar\",\"description\":\"Shaping the electricity grid of the future\",\"publisher\":{\"@id\":\"https:\/\/wedrivesolar.com\/#organization\"},\"potentialAction\":[{\"@type\":\"SearchAction\",\"target\":{\"@type\":\"EntryPoint\",\"urlTemplate\":\"https:\/\/wedrivesolar.com\/?s={search_term_string}\"},\"query-input\":{\"@type\":\"PropertyValueSpecification\",\"valueRequired\":true,\"valueName\":\"search_term_string\"}}],\"inLanguage\":\"es\"},{\"@type\":\"Organization\",\"@id\":\"https:\/\/wedrivesolar.com\/#organization\",\"name\":\"We Drive Solar\",\"url\":\"https:\/\/wedrivesolar.com\/\",\"logo\":{\"@type\":\"ImageObject\",\"inLanguage\":\"es\",\"@id\":\"https:\/\/wedrivesolar.com\/#\/schema\/logo\/image\/\",\"url\":\"https:\/\/wedrivesolar.com\/wp-content\/uploads\/2025\/04\/cropped-wedrivesolar_transparant.png\",\"contentUrl\":\"https:\/\/wedrivesolar.com\/wp-content\/uploads\/2025\/04\/cropped-wedrivesolar_transparant.png\",\"width\":1280,\"height\":201,\"caption\":\"We Drive Solar\"},\"image\":{\"@id\":\"https:\/\/wedrivesolar.com\/#\/schema\/logo\/image\/\"}},{\"@type\":\"Person\",\"@id\":\"https:\/\/wedrivesolar.com\/#\/schema\/person\/986f5e903ad14f7821226b901be00a53\",\"name\":\"Mauro\",\"image\":{\"@type\":\"ImageObject\",\"inLanguage\":\"es\",\"@id\":\"https:\/\/secure.gravatar.com\/avatar\/7c4d968f295a99662932f5d4f633ff7b246a499f584c4e7ca8bca5bc719f459f?s=96&d=mm&r=g\",\"url\":\"https:\/\/secure.gravatar.com\/avatar\/7c4d968f295a99662932f5d4f633ff7b246a499f584c4e7ca8bca5bc719f459f?s=96&d=mm&r=g\",\"contentUrl\":\"https:\/\/secure.gravatar.com\/avatar\/7c4d968f295a99662932f5d4f633ff7b246a499f584c4e7ca8bca5bc719f459f?s=96&d=mm&r=g\",\"caption\":\"Mauro\"},\"url\":\"https:\/\/wedrivesolar.com\/es\/author\/mauro\/\"}]}<\/script>\n<!-- \/ Yoast SEO plugin. -->","yoast_head_json":{"title":"Utrecht se convierte en la primera ciudad europea con un servicio de veh\u00edculo a red (V2G) para compartir coche - We Drive Solar","robots":{"index":"index","follow":"follow","max-snippet":"max-snippet:-1","max-image-preview":"max-image-preview:large","max-video-preview":"max-video-preview:-1"},"canonical":"https:\/\/wedrivesolar.com\/es\/utrecht-se-convierte-en-la-primera-ciudad-europea-con-un-servicio-de-vehiculo-a-red-v2g-para-compartir-coche\/","og_locale":"es_ES","og_type":"article","og_title":"Utrecht se convierte en la primera ciudad europea con un servicio de veh\u00edculo a red (V2G) para compartir coche - We Drive Solar","og_description":"Schiphol-Rijk, 5 de junio de 2025 &#8211; El Grupo Renault, MyWheels y We Drive Solar, junto con el Ayuntamiento de Utrecht, anuncian la puesta en marcha del primer servicio a gran escala de veh\u00edculo a red (V2G) para compartir coche en Europa: Utrecht energized. La iniciativa apoya un sistema energ\u00e9tico m\u00e1s sostenible y eficiente en [&hellip;]","og_url":"https:\/\/wedrivesolar.com\/es\/utrecht-se-convierte-en-la-primera-ciudad-europea-con-un-servicio-de-vehiculo-a-red-v2g-para-compartir-coche\/","og_site_name":"We Drive Solar","article_published_time":"2025-06-04T16:00:00+00:00","article_modified_time":"2026-01-19T10:52:22+00:00","og_image":[{"width":2560,"height":1707,"url":"https:\/\/wedrivesolar.com\/wp-content\/uploads\/2025\/05\/VDV9202-scaled.jpg","type":"image\/jpeg"}],"author":"Mauro","twitter_card":"summary_large_image","twitter_misc":{"Escrito por":"Mauro","Tiempo de lectura":"4 minuto"},"schema":{"@context":"https:\/\/schema.org","@graph":[{"@type":"Article","@id":"https:\/\/wedrivesolar.com\/es\/utrecht-se-convierte-en-la-primera-ciudad-europea-con-un-servicio-de-vehiculo-a-red-v2g-para-compartir-coche\/#article","isPartOf":{"@id":"https:\/\/wedrivesolar.com\/es\/utrecht-se-convierte-en-la-primera-ciudad-europea-con-un-servicio-de-vehiculo-a-red-v2g-para-compartir-coche\/"},"author":{"name":"Mauro","@id":"https:\/\/wedrivesolar.com\/#\/schema\/person\/986f5e903ad14f7821226b901be00a53"},"headline":"Utrecht se convierte en la primera ciudad europea con un servicio de veh\u00edculo a red (V2G) para compartir coche","datePublished":"2025-06-04T16:00:00+00:00","dateModified":"2026-01-19T10:52:22+00:00","mainEntityOfPage":{"@id":"https:\/\/wedrivesolar.com\/es\/utrecht-se-convierte-en-la-primera-ciudad-europea-con-un-servicio-de-vehiculo-a-red-v2g-para-compartir-coche\/"},"wordCount":828,"publisher":{"@id":"https:\/\/wedrivesolar.com\/#organization"},"image":{"@id":"https:\/\/wedrivesolar.com\/es\/utrecht-se-convierte-en-la-primera-ciudad-europea-con-un-servicio-de-vehiculo-a-red-v2g-para-compartir-coche\/#primaryimage"},"thumbnailUrl":"https:\/\/wedrivesolar.com\/wp-content\/uploads\/2025\/05\/VDV9202-scaled.jpg","inLanguage":"es"},{"@type":"WebPage","@id":"https:\/\/wedrivesolar.com\/es\/utrecht-se-convierte-en-la-primera-ciudad-europea-con-un-servicio-de-vehiculo-a-red-v2g-para-compartir-coche\/","url":"https:\/\/wedrivesolar.com\/es\/utrecht-se-convierte-en-la-primera-ciudad-europea-con-un-servicio-de-vehiculo-a-red-v2g-para-compartir-coche\/","name":"Utrecht se convierte en la primera ciudad europea con un servicio de veh\u00edculo a red (V2G) para compartir coche - We Drive Solar","isPartOf":{"@id":"https:\/\/wedrivesolar.com\/#website"},"primaryImageOfPage":{"@id":"https:\/\/wedrivesolar.com\/es\/utrecht-se-convierte-en-la-primera-ciudad-europea-con-un-servicio-de-vehiculo-a-red-v2g-para-compartir-coche\/#primaryimage"},"image":{"@id":"https:\/\/wedrivesolar.com\/es\/utrecht-se-convierte-en-la-primera-ciudad-europea-con-un-servicio-de-vehiculo-a-red-v2g-para-compartir-coche\/#primaryimage"},"thumbnailUrl":"https:\/\/wedrivesolar.com\/wp-content\/uploads\/2025\/05\/VDV9202-scaled.jpg","datePublished":"2025-06-04T16:00:00+00:00","dateModified":"2026-01-19T10:52:22+00:00","breadcrumb":{"@id":"https:\/\/wedrivesolar.com\/es\/utrecht-se-convierte-en-la-primera-ciudad-europea-con-un-servicio-de-vehiculo-a-red-v2g-para-compartir-coche\/#breadcrumb"},"inLanguage":"es","potentialAction":[{"@type":"ReadAction","target":["https:\/\/wedrivesolar.com\/es\/utrecht-se-convierte-en-la-primera-ciudad-europea-con-un-servicio-de-vehiculo-a-red-v2g-para-compartir-coche\/"]}]},{"@type":"ImageObject","inLanguage":"es","@id":"https:\/\/wedrivesolar.com\/es\/utrecht-se-convierte-en-la-primera-ciudad-europea-con-un-servicio-de-vehiculo-a-red-v2g-para-compartir-coche\/#primaryimage","url":"https:\/\/wedrivesolar.com\/wp-content\/uploads\/2025\/05\/VDV9202-scaled.jpg","contentUrl":"https:\/\/wedrivesolar.com\/wp-content\/uploads\/2025\/05\/VDV9202-scaled.jpg","width":2560,"height":1707},{"@type":"BreadcrumbList","@id":"https:\/\/wedrivesolar.com\/es\/utrecht-se-convierte-en-la-primera-ciudad-europea-con-un-servicio-de-vehiculo-a-red-v2g-para-compartir-coche\/#breadcrumb","itemListElement":[{"@type":"ListItem","position":1,"name":"Inicio","item":"https:\/\/wedrivesolar.com\/es\/inicio\/"},{"@type":"ListItem","position":2,"name":"Utrecht se convierte en la primera ciudad europea con un servicio de veh\u00edculo a red (V2G) para compartir coche"}]},{"@type":"WebSite","@id":"https:\/\/wedrivesolar.com\/#website","url":"https:\/\/wedrivesolar.com\/","name":"We Drive Solar","description":"Shaping the electricity grid of the future","publisher":{"@id":"https:\/\/wedrivesolar.com\/#organization"},"potentialAction":[{"@type":"SearchAction","target":{"@type":"EntryPoint","urlTemplate":"https:\/\/wedrivesolar.com\/?s={search_term_string}"},"query-input":{"@type":"PropertyValueSpecification","valueRequired":true,"valueName":"search_term_string"}}],"inLanguage":"es"},{"@type":"Organization","@id":"https:\/\/wedrivesolar.com\/#organization","name":"We Drive Solar","url":"https:\/\/wedrivesolar.com\/","logo":{"@type":"ImageObject","inLanguage":"es","@id":"https:\/\/wedrivesolar.com\/#\/schema\/logo\/image\/","url":"https:\/\/wedrivesolar.com\/wp-content\/uploads\/2025\/04\/cropped-wedrivesolar_transparant.png","contentUrl":"https:\/\/wedrivesolar.com\/wp-content\/uploads\/2025\/04\/cropped-wedrivesolar_transparant.png","width":1280,"height":201,"caption":"We Drive Solar"},"image":{"@id":"https:\/\/wedrivesolar.com\/#\/schema\/logo\/image\/"}},{"@type":"Person","@id":"https:\/\/wedrivesolar.com\/#\/schema\/person\/986f5e903ad14f7821226b901be00a53","name":"Mauro","image":{"@type":"ImageObject","inLanguage":"es","@id":"https:\/\/secure.gravatar.com\/avatar\/7c4d968f295a99662932f5d4f633ff7b246a499f584c4e7ca8bca5bc719f459f?s=96&d=mm&r=g","url":"https:\/\/secure.gravatar.com\/avatar\/7c4d968f295a99662932f5d4f633ff7b246a499f584c4e7ca8bca5bc719f459f?s=96&d=mm&r=g","contentUrl":"https:\/\/secure.gravatar.com\/avatar\/7c4d968f295a99662932f5d4f633ff7b246a499f584c4e7ca8bca5bc719f459f?s=96&d=mm&r=g","caption":"Mauro"},"url":"https:\/\/wedrivesolar.com\/es\/author\/mauro\/"}]}},"_links":{"self":[{"href":"https:\/\/wedrivesolar.com\/es\/wp-json\/wp\/v2\/posts\/5137","targetHints":{"allow":["GET"]}}],"collection":[{"href":"https:\/\/wedrivesolar.com\/es\/wp-json\/wp\/v2\/posts"}],"about":[{"href":"https:\/\/wedrivesolar.com\/es\/wp-json\/wp\/v2\/types\/post"}],"author":[{"embeddable":true,"href":"https:\/\/wedrivesolar.com\/es\/wp-json\/wp\/v2\/users\/2"}],"replies":[{"embeddable":true,"href":"https:\/\/wedrivesolar.com\/es\/wp-json\/wp\/v2\/comments?post=5137"}],"version-history":[{"count":1,"href":"https:\/\/wedrivesolar.com\/es\/wp-json\/wp\/v2\/posts\/5137\/revisions"}],"predecessor-version":[{"id":5772,"href":"https:\/\/wedrivesolar.com\/es\/wp-json\/wp\/v2\/posts\/5137\/revisions\/5772"}],"wp:featuredmedia":[{"embeddable":true,"href":"https:\/\/wedrivesolar.com\/es\/wp-json\/wp\/v2\/media\/5138"}],"wp:attachment":[{"href":"https:\/\/wedrivesolar.com\/es\/wp-json\/wp\/v2\/media?parent=5137"}],"wp:term":[{"taxonomy":"category","embeddable":true,"href":"https:\/\/wedrivesolar.com\/es\/wp-json\/wp\/v2\/categories?post=5137"},{"taxonomy":"post_tag","embeddable":true,"href":"https:\/\/wedrivesolar.com\/es\/wp-json\/wp\/v2\/tags?post=5137"}],"curies":[{"name":"wp","href":"https:\/\/api.w.org\/{rel}","templated":true}]}}