{"id":5142,"date":"2025-06-04T15:59:00","date_gmt":"2025-06-04T15:59:00","guid":{"rendered":"https:\/\/wedrivesolar.com\/la-carga-bidireccional-es-la-respuesta-a-la-congestion-de-la-red\/"},"modified":"2025-11-03T14:15:57","modified_gmt":"2025-11-03T14:15:57","slug":"la-carga-bidireccional-es-la-respuesta-a-la-congestion-de-la-red","status":"publish","type":"post","link":"https:\/\/wedrivesolar.com\/es\/la-carga-bidireccional-es-la-respuesta-a-la-congestion-de-la-red\/","title":{"rendered":"La carga bidireccional es la respuesta a la congesti\u00f3n de la red"},"content":{"rendered":"\n<p><strong>En los \u00faltimos a\u00f1os, Koolen Industries y We Drive Solar han invertido mucho en el desarrollo de una infraestructura de carga avanzada, incluida la carga bidireccional. El poste de carga Solar City de We Drive Solar se puede encontrar ahora por toda Holanda y ya lo utilizan varios clientes importantes. En el mayor proyecto de carga bidireccional de Europa, que ahora empieza en Utrecht, este cargador desempe\u00f1a un papel clave.  <\/strong><\/p>\n\n<p>&#8220;Estamos ayudando directamente a reducir la congesti\u00f3n de la red en Utrecht con nuestra tecnolog\u00eda&#8221;, dice Robin Berg, Director de We Drive Solar. Lleva m\u00e1s de <g id=\"gid_0\">quince<\/g> a\u00f1os utilizando energ\u00eda solar para cargar coches el\u00e9ctricos. Por el camino se dio cuenta de que esos coches pod\u00edan desempe\u00f1ar un papel crucial para aliviar la sobrecargada red el\u00e9ctrica.  <\/p>\n\n<p>&#8220;En 2016 firmamos un acuerdo con el Grupo Renault en Par\u00eds para explorar la carga bidireccional. Esto condujo al piloto de 2019 con el Renault ZOE en la ciudad de Utrecht. Ese piloto allan\u00f3 el camino para la fase de ampliaci\u00f3n, que comienza ahora. Como la demanda de estaciones de carga adecuadas para el futuro sistema energ\u00e9tico es cada vez mayor, estamos trabajando con Koolen Industries, el grupo inversor de Kees Koolen. El desarrollo, la producci\u00f3n y la entrega de soluciones de carga bidireccionales tiene lugar en Hengelo bajo el nombre We Drive Solar&#8221;.<\/p>\n\n<div style=\"height:50px\" aria-hidden=\"true\" class=\"wp-block-spacer\"><\/div>\n\n<h3 class=\"wp-block-heading\">Mercado de estaciones de recarga<\/h3>\n\n<p>El mercado de las estaciones de carga se ha desarrollado enormemente en los \u00faltimos a\u00f1os. Desde hace casi una d\u00e9cada, We Drive Solar est\u00e1 a la vanguardia de las soluciones de carga inteligentes. La empresa suministra postes de carga bidireccionales adecuados para:  <\/p>\n\n<ul class=\"wp-block-list\">\n<li>equilibrio energ\u00e9tico<\/li>\n\n\n\n<li>carga guiada por energ\u00eda solar<\/li>\n\n\n\n<li>veh\u00edculos de descarga<\/li>\n<\/ul>\n\n<p>Los cargadores tambi\u00e9n est\u00e1n preparados para la carga inteligente (gesti\u00f3n de la energ\u00eda) con una conexi\u00f3n limitada a la red. Si hay paneles solares, la capacidad disponible puede complementarse en tiempo real con energ\u00eda solar generada localmente. Esto permite que m\u00e1s coches carguen simult\u00e1neamente y puede generar ingresos adicionales para la asociaci\u00f3n de propietarios de viviendas o el propietario de los paneles solares.  <\/p>\n\n<div style=\"height:50px\" aria-hidden=\"true\" class=\"wp-block-spacer\"><\/div>\n\n<h3 class=\"wp-block-heading\">Cargador Solar City<\/h3>\n\n<p>El Solar City es un robusto cargador independiente que proporciona la potencia y flexibilidad necesarias para grandes demandas de carga. Est\u00e1 dise\u00f1ado para instalarse <strong>sobre cimientos<\/strong> y puede cargar dos veh\u00edculos al mismo tiempo. Tambi\u00e9n puede realizar una carga inteligente y equilibrar la red. Incluso en el centro hist\u00f3rico de Utrecht, el Solar City se integra perfectamente en el paisaje urbano.   <\/p>\n\n<p>We Drive Solar tambi\u00e9n gestiona plazas de carga bajo un Carport Solar, como en la compa\u00f1\u00eda de seguros a.s.r., el CTpark Amsterdam City, el Jaarbeurs y el Triodos Bank.<\/p>\n\n<div style=\"height:50px\" aria-hidden=\"true\" class=\"wp-block-spacer\"><\/div>\n\n<figure class=\"wp-block-image size-large\"><img fetchpriority=\"high\" decoding=\"async\" width=\"1024\" height=\"683\" src=\"https:\/\/wedrivesolar.com\/wp-content\/uploads\/2025\/05\/VDV9531-1024x683.jpg\" alt=\"\" class=\"wp-image-3274\" srcset=\"https:\/\/wedrivesolar.com\/wp-content\/uploads\/2025\/05\/VDV9531-1024x683.jpg 1024w, https:\/\/wedrivesolar.com\/wp-content\/uploads\/2025\/05\/VDV9531-300x200.jpg 300w, https:\/\/wedrivesolar.com\/wp-content\/uploads\/2025\/05\/VDV9531-768x512.jpg 768w, https:\/\/wedrivesolar.com\/wp-content\/uploads\/2025\/05\/VDV9531-1536x1024.jpg 1536w, https:\/\/wedrivesolar.com\/wp-content\/uploads\/2025\/05\/VDV9531-2048x1365.jpg 2048w\" sizes=\"(max-width: 1024px) 100vw, 1024px\" \/><\/figure>\n\n<div style=\"height:50px\" aria-hidden=\"true\" class=\"wp-block-spacer\"><\/div>\n\n<h3 class=\"wp-block-heading\">Ecosistema V2G completo<\/h3>\n\n<p>Lo que hace que este d\u00eda sea \u00fanico es que se pone en marcha un ecosistema V2G completo. Adem\u00e1s de la integraci\u00f3n de Mobilize V2G Toolkit con el cargador We Drive Solar, ya est\u00e1 en funcionamiento un ecosistema V2G completo. We Drive Solar ha desarrollado un servicio de agregaci\u00f3n basado en las horas de salida de los coches compartidos y los premios horarios del mercado energ\u00e9tico (EPEX). Esto significa que MyWheels puede realmente ganar dinero a medida que vamos cargando y descargando sus coches; se reduce la congesti\u00f3n de la red descargando durante las horas punta, y se dispone de energ\u00eda renovable 24 horas al d\u00eda, 7 d\u00edas a la semana, lo que permite m\u00e1s renovables en la red. Esto ya est\u00e1 en marcha en los 50 Renault 5 a partir de hoy.    <\/p>\n\n<div style=\"height:50px\" aria-hidden=\"true\" class=\"wp-block-spacer\"><\/div>\n\n<h3 class=\"wp-block-heading\">Caso empresarial<\/h3>\n\n<p>Hay un claro argumento comercial para los socios de estos proyectos, como se ve en el ecosistema bidireccional del Grupo Renault, We Drive Solar y MyWheels. Berg: &#8220;La energ\u00eda solar est\u00e1 disponible en cantidades cada vez mayores, y al mismo tiempo necesitamos aliviar la red porque est\u00e1 muy congestionada. La tecnolog\u00eda V2G es una soluci\u00f3n inteligente y eficaz. Durante al menos diez a\u00f1os, varias partes han intentado desplegar la tecnolog\u00eda a peque\u00f1a escala, pero nadie ha desarrollado a\u00fan un concepto escalable. Ahora, junto con el Grupo Renault, lo hemos conseguido. Renault ha integrado la tecnolog\u00eda en un coche asequible y We Drive Solar ha invertido en un cargador escalable&#8221;. <\/p>\n\n<p>La asociaci\u00f3n ten\u00eda que ser econ\u00f3micamente atractiva. El argumento comercial es convincente: como el coche compartido utiliza reservas, MyWheels sabe exactamente cu\u00e1ndo un coche necesita estar completamente cargado. Por tanto, la carga y la descarga pueden programarse con precisi\u00f3n. We Drive Solar tiene un contrato din\u00e1mico de energ\u00eda para cada puesto de carga, por lo que est\u00e1 claro cu\u00e1ndo la electricidad es barata y deben cargarse los coches. Con mucho viento durante la noche o sol durante el d\u00eda, la electricidad puede costar s\u00f3lo unos c\u00e9ntimos por kWh, o incluso ser gratis. Por la noche, cuando la demanda alcanza su punto m\u00e1ximo, los precios suben y la retroalimentaci\u00f3n de electricidad se vuelve atractiva. La diferencia es el modelo de ingresos. Para el operador de la red, Stedin, esto se traduce en una menor congesti\u00f3n en las horas punta.       <\/p>\n\n<div style=\"height:50px\" aria-hidden=\"true\" class=\"wp-block-spacer\"><\/div>\n\n<h3 class=\"wp-block-heading\">La congesti\u00f3n de la red es urgente en Utrecht<\/h3>\n\n<p>La regi\u00f3n de Utrecht tiene una de las redes el\u00e9ctricas m\u00e1s sobrecargadas de Holanda. Por eso la ciudad fue elegida para lanzar el servicio de coche compartido con VE y tecnolog\u00eda V2G. Los 500 modelos el\u00e9ctricos Renault operados por MyWheels pueden aliviar la congesti\u00f3n de la red en 5 megavatios. Sin embargo, el d\u00e9ficit regional en los picos es de 250 megavatios, por lo que se necesitan 50 veces m\u00e1s VE. Berg: &#8220;La ampliaci\u00f3n es esencial ahora. Renault puede fabricar los coches en dos meses, y nosotros podemos suministrar los postes de recarga en unos meses. La congesti\u00f3n de la regi\u00f3n podr\u00eda resolverse en un a\u00f1o&#8221;.    <\/p>\n\n<p>&#8220;Hemos calculado que har\u00edan falta 1,5 millones de VE bidireccionales para abastecer de energ\u00eda a toda Holanda&#8221;, dice Berg. &#8220;Si utilizamos para ello energ\u00eda solar y e\u00f3lica, tendremos un sistema energ\u00e9tico sostenible y ya no necesitaremos centrales de carb\u00f3n o gas. Los VE tambi\u00e9n sirven de amortiguador para aliviar los picos de la red, reduciendo la presi\u00f3n sobre los operadores de la red, que no pueden reforzar la red en todas partes a la vez: hay escasez de dinero, personas y materiales. La ampliaci\u00f3n de la red seguir\u00e1 siendo necesaria, pero la carga bidireccional a gran escala alivia la presi\u00f3n inmediata&#8221;. <\/p>\n\n<div style=\"height:50px\" aria-hidden=\"true\" class=\"wp-block-spacer\"><\/div>\n\n<h3 class=\"wp-block-heading\">Estudio de la Universidad de Utrecht: Los coches compartidos reducen la congesti\u00f3n de la red en un 50%.<\/h3>\n\n<p>Los coches el\u00e9ctricos compartidos causan la mitad de congesti\u00f3n en la red que los coches el\u00e9ctricos de propiedad privada. Los usuarios de coches compartidos cobran de forma diferente y evitan las horas punta. Esta es la conclusi\u00f3n de un estudio realizado en 2020 por la Universidad de Utrecht: &#8220;El impacto de la transici\u00f3n a los veh\u00edculos el\u00e9ctricos compartidos en la congesti\u00f3n y gesti\u00f3n de la red&#8221;.  <\/p>\n\n<p>Cada vez m\u00e1s hogares holandeses compran un coche el\u00e9ctrico porque emiten menos CO\u2082 y part\u00edculas. El n\u00famero de coches compartidos en Holanda tambi\u00e9n ha crecido mucho en los \u00faltimos a\u00f1os. Pasar de los coches privados a los VE compartidos es sostenible porque los usuarios conducen menos y hay que fabricar menos coches.  <\/p>\n\n<p>Aunque el cambio a la movilidad el\u00e9ctrica es crucial, la carga de los VE provoca picos en la demanda de electricidad. Un gran VE que se est\u00e1 cargando puede suponer para la red la misma carga que varios hogares. Cuantos m\u00e1s VE haya, mayor ser\u00e1 la carga. Eso significa que los operadores de la red deben reforzar sus redes, lo que aumenta los costes sociales. Si puedes evitar estos picos, puedes evitar el gasto. Investigadores del Instituto Cop\u00e9rnico de Desarrollo Sostenible de la Universidad de Utrecht examinaron si la transici\u00f3n a los VE compartidos tiene alg\u00fan efecto sobre los picos de energ\u00eda al cargar esos coches. Utilizaron los datos de carga de los VE compartidos de We Drive Solar.      <\/p>\n\n<p>Los picos de carga actuales se producen por las tardes entre semana, cuando los conductores de VE se enchufan despu\u00e9s de su viaje, mientras los hogares est\u00e1n utilizando mucha electricidad para cocinar, por ejemplo. El estudio demuestra que el pico disminuye m\u00e1s de un 50% cuando una gran parte de los residentes se pasan al coche compartido. Los usuarios de coches compartidos son m\u00e1s propensos a elegir otros modos de transporte y recorren menos kil\u00f3metros en coche. Los coches compartidos tambi\u00e9n se utilizan menos para desplazarse al trabajo, por lo que menos coches se cargan simult\u00e1neamente cuando la gente llega a casa del trabajo.   <\/p>\n\n<div style=\"height:50px\" aria-hidden=\"true\" class=\"wp-block-spacer\"><\/div>\n\n<h3 class=\"wp-block-heading\">Equilibrio con los coches el\u00e9ctricos<\/h3>\n\n<p>El estudio aboga por una mayor integraci\u00f3n de los VE compartidos para evitar problemas de red e incluso contribuir positivamente a una red el\u00e9ctrica m\u00e1s estable. El tiempo que necesita un VE para cargarse suele ser mucho menor que el tiempo que est\u00e1 enchufado. Por eso se est\u00e1 investigando c\u00f3mo los operadores de la red pueden utilizar las bater\u00edas de los VE para equilibrar el sistema, por ejemplo devolviendo electricidad al vecindario en las horas punta. El estudio demuestra que el potencial para equilibrar la red es mayor cuando una gran parte de los residentes se pasan a los VE compartidos. El uso de los VE como bater\u00edas sobre ruedas se est\u00e1 examinando actualmente en el proyecto Smart Solar Charging.    <\/p>\n\n<div style=\"height:50px\" aria-hidden=\"true\" class=\"wp-block-spacer\"><\/div>\n\n<h3 class=\"wp-block-heading\">Estudio de TU Delft: Las pausas de carga duplican la eficacia de la carga inteligente<\/h3>\n\n<p>Los VE se cargan cada vez m\u00e1s de forma &#8220;inteligente&#8221;, es decir, s\u00f3lo cuando hay mucha capacidad en la red y los precios de la electricidad son bajos. La carga inteligente evita la sobrecarga y ahorra dinero. Para sacar el m\u00e1ximo partido de la carga inteligente, no s\u00f3lo hay que reducir la velocidad de carga durante los periodos de m\u00e1s carga o m\u00e1s caros, sino tambi\u00e9n interrumpir por completo la carga. Una investigaci\u00f3n de la Universidad de Utrecht y TU Delft demuestra que a\u00f1adir pausas de carga duplica la eficacia de la carga inteligente. La mayor\u00eda de los coches ya lo permiten, pero algunos modelos no gestionan bien las pausas. Los investigadores piden a los fabricantes de coches que se aseguren de que todos los modelos puedan hacerlo. Las normas existen, pero no siempre se aplican correctamente. Hacer obligatorios los requisitos t\u00e9cnicos de la carga inteligente podr\u00eda ayudar.       <\/p>\n\n<div style=\"height:50px\" aria-hidden=\"true\" class=\"wp-block-spacer\"><\/div>\n\n<h3 class=\"wp-block-heading\">Proyecto de flota de Stedin, las empresas y el mundo acad\u00e9mico<\/h3>\n\n<p>La congesti\u00f3n de la red es un problema creciente en Holanda. Una soluci\u00f3n es la carga inteligente de veh\u00edculos el\u00e9ctricos, cuya velocidad se ajusta a la carga de la red. En el proyecto de colaboraci\u00f3n FLEET, el operador de red Stedin, distintas empresas e instituciones de investigaci\u00f3n iniciaron hace unos a\u00f1os la carga inteligente en 380 postes p\u00fablicos de Utrecht. En este ensayo, la carga inteligente se bas\u00f3 en tarifas de red flexibles. Esta se\u00f1al de precios experimental redujo la carga m\u00e1xima de los VE en un 15%, aliviando la red local. En general, los usuarios no notaron nada porque sus coches estaban enchufados m\u00e1s tiempo del necesario y hab\u00eda espacio suficiente para cargarlos fuera del pico.     <\/p>\n\n<p>Durante el experimento FLEET, los clientes pod\u00edan renunciar a la recarga inteligente en el puesto. Aunque hab\u00edan dicho que quer\u00edan esta opci\u00f3n, en la pr\u00e1ctica apenas se utiliz\u00f3. Las encuestas mostraron que la mayor\u00eda de los conductores no notaban nada cuando se retrasaba la carga y, en general, estaban contentos de ayudar a aliviar la congesti\u00f3n de la red.  <\/p>\n\n<p>Aunque el experimento FLEET ha terminado, la recarga inteligente contin\u00faa en los puestos p\u00fablicos de Utrecht. El control de los cargadores se ha cambiado a la carga consciente de la red, que ahora se est\u00e1 estudiando m\u00e1s a fondo. Este m\u00e9todo se est\u00e1 implantando en todo el pa\u00eds desde 2023. En este sistema, la capacidad disponible para cargar VE var\u00eda durante el d\u00eda en funci\u00f3n de la carga de la red.   <\/p>\n","protected":false},"excerpt":{"rendered":"<p>En los \u00faltimos a\u00f1os, Koolen Industries y We Drive Solar han invertido mucho en el desarrollo de una infraestructura de carga avanzada, incluida la carga bidireccional. El poste de carga Solar City de We Drive Solar se puede encontrar ahora por toda Holanda y ya lo utilizan varios clientes importantes. En el mayor proyecto de [&hellip;]<\/p>\n","protected":false},"author":2,"featured_media":5143,"comment_status":"closed","ping_status":"closed","sticky":false,"template":"","format":"standard","meta":{"_acf_changed":false,"footnotes":""},"categories":[71],"tags":[],"class_list":["post-5142","post","type-post","status-publish","format-standard","has-post-thumbnail","hentry","category-sin-categoria"],"acf":[],"yoast_head":"<!-- This site is optimized with the Yoast SEO plugin v27.2 - https:\/\/yoast.com\/product\/yoast-seo-wordpress\/ -->\n<title>La carga bidireccional es la respuesta a la congesti\u00f3n de la red - We Drive Solar<\/title>\n<meta name=\"robots\" content=\"index, follow, max-snippet:-1, max-image-preview:large, max-video-preview:-1\" \/>\n<link rel=\"canonical\" href=\"https:\/\/wedrivesolar.com\/es\/la-carga-bidireccional-es-la-respuesta-a-la-congestion-de-la-red\/\" \/>\n<meta property=\"og:locale\" content=\"es_ES\" \/>\n<meta property=\"og:type\" content=\"article\" \/>\n<meta property=\"og:title\" content=\"La carga bidireccional es la respuesta a la congesti\u00f3n de la red - We Drive Solar\" \/>\n<meta property=\"og:description\" content=\"En los \u00faltimos a\u00f1os, Koolen Industries y We Drive Solar han invertido mucho en el desarrollo de una infraestructura de carga avanzada, incluida la carga bidireccional. El poste de carga Solar City de We Drive Solar se puede encontrar ahora por toda Holanda y ya lo utilizan varios clientes importantes. En el mayor proyecto de [&hellip;]\" \/>\n<meta property=\"og:url\" content=\"https:\/\/wedrivesolar.com\/es\/la-carga-bidireccional-es-la-respuesta-a-la-congestion-de-la-red\/\" \/>\n<meta property=\"og:site_name\" content=\"We Drive Solar\" \/>\n<meta property=\"article:published_time\" content=\"2025-06-04T15:59:00+00:00\" \/>\n<meta property=\"article:modified_time\" content=\"2025-11-03T14:15:57+00:00\" \/>\n<meta property=\"og:image\" content=\"https:\/\/wedrivesolar.com\/wp-content\/uploads\/2025\/05\/VDV9087-scaled.jpg\" \/>\n\t<meta property=\"og:image:width\" content=\"2560\" \/>\n\t<meta property=\"og:image:height\" content=\"1707\" \/>\n\t<meta property=\"og:image:type\" content=\"image\/jpeg\" \/>\n<meta name=\"author\" content=\"Mauro\" \/>\n<meta name=\"twitter:card\" content=\"summary_large_image\" \/>\n<meta name=\"twitter:label1\" content=\"Escrito por\" \/>\n\t<meta name=\"twitter:data1\" content=\"Mauro\" \/>\n\t<meta name=\"twitter:label2\" content=\"Tiempo de lectura\" \/>\n\t<meta name=\"twitter:data2\" content=\"10 minuto\" \/>\n<script type=\"application\/ld+json\" class=\"yoast-schema-graph\">{\"@context\":\"https:\/\/schema.org\",\"@graph\":[{\"@type\":\"Article\",\"@id\":\"https:\/\/wedrivesolar.com\/es\/la-carga-bidireccional-es-la-respuesta-a-la-congestion-de-la-red\/#article\",\"isPartOf\":{\"@id\":\"https:\/\/wedrivesolar.com\/es\/la-carga-bidireccional-es-la-respuesta-a-la-congestion-de-la-red\/\"},\"author\":{\"name\":\"Mauro\",\"@id\":\"https:\/\/wedrivesolar.com\/#\/schema\/person\/986f5e903ad14f7821226b901be00a53\"},\"headline\":\"La carga bidireccional es la respuesta a la congesti\u00f3n de la red\",\"datePublished\":\"2025-06-04T15:59:00+00:00\",\"dateModified\":\"2025-11-03T14:15:57+00:00\",\"mainEntityOfPage\":{\"@id\":\"https:\/\/wedrivesolar.com\/es\/la-carga-bidireccional-es-la-respuesta-a-la-congestion-de-la-red\/\"},\"wordCount\":2110,\"publisher\":{\"@id\":\"https:\/\/wedrivesolar.com\/#organization\"},\"image\":{\"@id\":\"https:\/\/wedrivesolar.com\/es\/la-carga-bidireccional-es-la-respuesta-a-la-congestion-de-la-red\/#primaryimage\"},\"thumbnailUrl\":\"https:\/\/wedrivesolar.com\/wp-content\/uploads\/2025\/05\/VDV9087-scaled.jpg\",\"inLanguage\":\"es\"},{\"@type\":\"WebPage\",\"@id\":\"https:\/\/wedrivesolar.com\/es\/la-carga-bidireccional-es-la-respuesta-a-la-congestion-de-la-red\/\",\"url\":\"https:\/\/wedrivesolar.com\/es\/la-carga-bidireccional-es-la-respuesta-a-la-congestion-de-la-red\/\",\"name\":\"La carga bidireccional es la respuesta a la congesti\u00f3n de la red - We Drive Solar\",\"isPartOf\":{\"@id\":\"https:\/\/wedrivesolar.com\/#website\"},\"primaryImageOfPage\":{\"@id\":\"https:\/\/wedrivesolar.com\/es\/la-carga-bidireccional-es-la-respuesta-a-la-congestion-de-la-red\/#primaryimage\"},\"image\":{\"@id\":\"https:\/\/wedrivesolar.com\/es\/la-carga-bidireccional-es-la-respuesta-a-la-congestion-de-la-red\/#primaryimage\"},\"thumbnailUrl\":\"https:\/\/wedrivesolar.com\/wp-content\/uploads\/2025\/05\/VDV9087-scaled.jpg\",\"datePublished\":\"2025-06-04T15:59:00+00:00\",\"dateModified\":\"2025-11-03T14:15:57+00:00\",\"breadcrumb\":{\"@id\":\"https:\/\/wedrivesolar.com\/es\/la-carga-bidireccional-es-la-respuesta-a-la-congestion-de-la-red\/#breadcrumb\"},\"inLanguage\":\"es\",\"potentialAction\":[{\"@type\":\"ReadAction\",\"target\":[\"https:\/\/wedrivesolar.com\/es\/la-carga-bidireccional-es-la-respuesta-a-la-congestion-de-la-red\/\"]}]},{\"@type\":\"ImageObject\",\"inLanguage\":\"es\",\"@id\":\"https:\/\/wedrivesolar.com\/es\/la-carga-bidireccional-es-la-respuesta-a-la-congestion-de-la-red\/#primaryimage\",\"url\":\"https:\/\/wedrivesolar.com\/wp-content\/uploads\/2025\/05\/VDV9087-scaled.jpg\",\"contentUrl\":\"https:\/\/wedrivesolar.com\/wp-content\/uploads\/2025\/05\/VDV9087-scaled.jpg\",\"width\":2560,\"height\":1707},{\"@type\":\"BreadcrumbList\",\"@id\":\"https:\/\/wedrivesolar.com\/es\/la-carga-bidireccional-es-la-respuesta-a-la-congestion-de-la-red\/#breadcrumb\",\"itemListElement\":[{\"@type\":\"ListItem\",\"position\":1,\"name\":\"Inicio\",\"item\":\"https:\/\/wedrivesolar.com\/es\/inicio\/\"},{\"@type\":\"ListItem\",\"position\":2,\"name\":\"La carga bidireccional es la respuesta a la congesti\u00f3n de la red\"}]},{\"@type\":\"WebSite\",\"@id\":\"https:\/\/wedrivesolar.com\/#website\",\"url\":\"https:\/\/wedrivesolar.com\/\",\"name\":\"We Drive Solar\",\"description\":\"Shaping the electricity grid of the future\",\"publisher\":{\"@id\":\"https:\/\/wedrivesolar.com\/#organization\"},\"potentialAction\":[{\"@type\":\"SearchAction\",\"target\":{\"@type\":\"EntryPoint\",\"urlTemplate\":\"https:\/\/wedrivesolar.com\/?s={search_term_string}\"},\"query-input\":{\"@type\":\"PropertyValueSpecification\",\"valueRequired\":true,\"valueName\":\"search_term_string\"}}],\"inLanguage\":\"es\"},{\"@type\":\"Organization\",\"@id\":\"https:\/\/wedrivesolar.com\/#organization\",\"name\":\"We Drive Solar\",\"url\":\"https:\/\/wedrivesolar.com\/\",\"logo\":{\"@type\":\"ImageObject\",\"inLanguage\":\"es\",\"@id\":\"https:\/\/wedrivesolar.com\/#\/schema\/logo\/image\/\",\"url\":\"https:\/\/wedrivesolar.com\/wp-content\/uploads\/2025\/04\/cropped-wedrivesolar_transparant.png\",\"contentUrl\":\"https:\/\/wedrivesolar.com\/wp-content\/uploads\/2025\/04\/cropped-wedrivesolar_transparant.png\",\"width\":1280,\"height\":201,\"caption\":\"We Drive Solar\"},\"image\":{\"@id\":\"https:\/\/wedrivesolar.com\/#\/schema\/logo\/image\/\"}},{\"@type\":\"Person\",\"@id\":\"https:\/\/wedrivesolar.com\/#\/schema\/person\/986f5e903ad14f7821226b901be00a53\",\"name\":\"Mauro\",\"image\":{\"@type\":\"ImageObject\",\"inLanguage\":\"es\",\"@id\":\"https:\/\/secure.gravatar.com\/avatar\/7c4d968f295a99662932f5d4f633ff7b246a499f584c4e7ca8bca5bc719f459f?s=96&d=mm&r=g\",\"url\":\"https:\/\/secure.gravatar.com\/avatar\/7c4d968f295a99662932f5d4f633ff7b246a499f584c4e7ca8bca5bc719f459f?s=96&d=mm&r=g\",\"contentUrl\":\"https:\/\/secure.gravatar.com\/avatar\/7c4d968f295a99662932f5d4f633ff7b246a499f584c4e7ca8bca5bc719f459f?s=96&d=mm&r=g\",\"caption\":\"Mauro\"},\"url\":\"https:\/\/wedrivesolar.com\/es\/author\/mauro\/\"}]}<\/script>\n<!-- \/ Yoast SEO plugin. -->","yoast_head_json":{"title":"La carga bidireccional es la respuesta a la congesti\u00f3n de la red - We Drive Solar","robots":{"index":"index","follow":"follow","max-snippet":"max-snippet:-1","max-image-preview":"max-image-preview:large","max-video-preview":"max-video-preview:-1"},"canonical":"https:\/\/wedrivesolar.com\/es\/la-carga-bidireccional-es-la-respuesta-a-la-congestion-de-la-red\/","og_locale":"es_ES","og_type":"article","og_title":"La carga bidireccional es la respuesta a la congesti\u00f3n de la red - We Drive Solar","og_description":"En los \u00faltimos a\u00f1os, Koolen Industries y We Drive Solar han invertido mucho en el desarrollo de una infraestructura de carga avanzada, incluida la carga bidireccional. El poste de carga Solar City de We Drive Solar se puede encontrar ahora por toda Holanda y ya lo utilizan varios clientes importantes. En el mayor proyecto de [&hellip;]","og_url":"https:\/\/wedrivesolar.com\/es\/la-carga-bidireccional-es-la-respuesta-a-la-congestion-de-la-red\/","og_site_name":"We Drive Solar","article_published_time":"2025-06-04T15:59:00+00:00","article_modified_time":"2025-11-03T14:15:57+00:00","og_image":[{"width":2560,"height":1707,"url":"https:\/\/wedrivesolar.com\/wp-content\/uploads\/2025\/05\/VDV9087-scaled.jpg","type":"image\/jpeg"}],"author":"Mauro","twitter_card":"summary_large_image","twitter_misc":{"Escrito por":"Mauro","Tiempo de lectura":"10 minuto"},"schema":{"@context":"https:\/\/schema.org","@graph":[{"@type":"Article","@id":"https:\/\/wedrivesolar.com\/es\/la-carga-bidireccional-es-la-respuesta-a-la-congestion-de-la-red\/#article","isPartOf":{"@id":"https:\/\/wedrivesolar.com\/es\/la-carga-bidireccional-es-la-respuesta-a-la-congestion-de-la-red\/"},"author":{"name":"Mauro","@id":"https:\/\/wedrivesolar.com\/#\/schema\/person\/986f5e903ad14f7821226b901be00a53"},"headline":"La carga bidireccional es la respuesta a la congesti\u00f3n de la red","datePublished":"2025-06-04T15:59:00+00:00","dateModified":"2025-11-03T14:15:57+00:00","mainEntityOfPage":{"@id":"https:\/\/wedrivesolar.com\/es\/la-carga-bidireccional-es-la-respuesta-a-la-congestion-de-la-red\/"},"wordCount":2110,"publisher":{"@id":"https:\/\/wedrivesolar.com\/#organization"},"image":{"@id":"https:\/\/wedrivesolar.com\/es\/la-carga-bidireccional-es-la-respuesta-a-la-congestion-de-la-red\/#primaryimage"},"thumbnailUrl":"https:\/\/wedrivesolar.com\/wp-content\/uploads\/2025\/05\/VDV9087-scaled.jpg","inLanguage":"es"},{"@type":"WebPage","@id":"https:\/\/wedrivesolar.com\/es\/la-carga-bidireccional-es-la-respuesta-a-la-congestion-de-la-red\/","url":"https:\/\/wedrivesolar.com\/es\/la-carga-bidireccional-es-la-respuesta-a-la-congestion-de-la-red\/","name":"La carga bidireccional es la respuesta a la congesti\u00f3n de la red - We Drive Solar","isPartOf":{"@id":"https:\/\/wedrivesolar.com\/#website"},"primaryImageOfPage":{"@id":"https:\/\/wedrivesolar.com\/es\/la-carga-bidireccional-es-la-respuesta-a-la-congestion-de-la-red\/#primaryimage"},"image":{"@id":"https:\/\/wedrivesolar.com\/es\/la-carga-bidireccional-es-la-respuesta-a-la-congestion-de-la-red\/#primaryimage"},"thumbnailUrl":"https:\/\/wedrivesolar.com\/wp-content\/uploads\/2025\/05\/VDV9087-scaled.jpg","datePublished":"2025-06-04T15:59:00+00:00","dateModified":"2025-11-03T14:15:57+00:00","breadcrumb":{"@id":"https:\/\/wedrivesolar.com\/es\/la-carga-bidireccional-es-la-respuesta-a-la-congestion-de-la-red\/#breadcrumb"},"inLanguage":"es","potentialAction":[{"@type":"ReadAction","target":["https:\/\/wedrivesolar.com\/es\/la-carga-bidireccional-es-la-respuesta-a-la-congestion-de-la-red\/"]}]},{"@type":"ImageObject","inLanguage":"es","@id":"https:\/\/wedrivesolar.com\/es\/la-carga-bidireccional-es-la-respuesta-a-la-congestion-de-la-red\/#primaryimage","url":"https:\/\/wedrivesolar.com\/wp-content\/uploads\/2025\/05\/VDV9087-scaled.jpg","contentUrl":"https:\/\/wedrivesolar.com\/wp-content\/uploads\/2025\/05\/VDV9087-scaled.jpg","width":2560,"height":1707},{"@type":"BreadcrumbList","@id":"https:\/\/wedrivesolar.com\/es\/la-carga-bidireccional-es-la-respuesta-a-la-congestion-de-la-red\/#breadcrumb","itemListElement":[{"@type":"ListItem","position":1,"name":"Inicio","item":"https:\/\/wedrivesolar.com\/es\/inicio\/"},{"@type":"ListItem","position":2,"name":"La carga bidireccional es la respuesta a la congesti\u00f3n de la red"}]},{"@type":"WebSite","@id":"https:\/\/wedrivesolar.com\/#website","url":"https:\/\/wedrivesolar.com\/","name":"We Drive Solar","description":"Shaping the electricity grid of the future","publisher":{"@id":"https:\/\/wedrivesolar.com\/#organization"},"potentialAction":[{"@type":"SearchAction","target":{"@type":"EntryPoint","urlTemplate":"https:\/\/wedrivesolar.com\/?s={search_term_string}"},"query-input":{"@type":"PropertyValueSpecification","valueRequired":true,"valueName":"search_term_string"}}],"inLanguage":"es"},{"@type":"Organization","@id":"https:\/\/wedrivesolar.com\/#organization","name":"We Drive Solar","url":"https:\/\/wedrivesolar.com\/","logo":{"@type":"ImageObject","inLanguage":"es","@id":"https:\/\/wedrivesolar.com\/#\/schema\/logo\/image\/","url":"https:\/\/wedrivesolar.com\/wp-content\/uploads\/2025\/04\/cropped-wedrivesolar_transparant.png","contentUrl":"https:\/\/wedrivesolar.com\/wp-content\/uploads\/2025\/04\/cropped-wedrivesolar_transparant.png","width":1280,"height":201,"caption":"We Drive Solar"},"image":{"@id":"https:\/\/wedrivesolar.com\/#\/schema\/logo\/image\/"}},{"@type":"Person","@id":"https:\/\/wedrivesolar.com\/#\/schema\/person\/986f5e903ad14f7821226b901be00a53","name":"Mauro","image":{"@type":"ImageObject","inLanguage":"es","@id":"https:\/\/secure.gravatar.com\/avatar\/7c4d968f295a99662932f5d4f633ff7b246a499f584c4e7ca8bca5bc719f459f?s=96&d=mm&r=g","url":"https:\/\/secure.gravatar.com\/avatar\/7c4d968f295a99662932f5d4f633ff7b246a499f584c4e7ca8bca5bc719f459f?s=96&d=mm&r=g","contentUrl":"https:\/\/secure.gravatar.com\/avatar\/7c4d968f295a99662932f5d4f633ff7b246a499f584c4e7ca8bca5bc719f459f?s=96&d=mm&r=g","caption":"Mauro"},"url":"https:\/\/wedrivesolar.com\/es\/author\/mauro\/"}]}},"_links":{"self":[{"href":"https:\/\/wedrivesolar.com\/es\/wp-json\/wp\/v2\/posts\/5142","targetHints":{"allow":["GET"]}}],"collection":[{"href":"https:\/\/wedrivesolar.com\/es\/wp-json\/wp\/v2\/posts"}],"about":[{"href":"https:\/\/wedrivesolar.com\/es\/wp-json\/wp\/v2\/types\/post"}],"author":[{"embeddable":true,"href":"https:\/\/wedrivesolar.com\/es\/wp-json\/wp\/v2\/users\/2"}],"replies":[{"embeddable":true,"href":"https:\/\/wedrivesolar.com\/es\/wp-json\/wp\/v2\/comments?post=5142"}],"version-history":[{"count":0,"href":"https:\/\/wedrivesolar.com\/es\/wp-json\/wp\/v2\/posts\/5142\/revisions"}],"wp:featuredmedia":[{"embeddable":true,"href":"https:\/\/wedrivesolar.com\/es\/wp-json\/wp\/v2\/media\/5143"}],"wp:attachment":[{"href":"https:\/\/wedrivesolar.com\/es\/wp-json\/wp\/v2\/media?parent=5142"}],"wp:term":[{"taxonomy":"category","embeddable":true,"href":"https:\/\/wedrivesolar.com\/es\/wp-json\/wp\/v2\/categories?post=5142"},{"taxonomy":"post_tag","embeddable":true,"href":"https:\/\/wedrivesolar.com\/es\/wp-json\/wp\/v2\/tags?post=5142"}],"curies":[{"name":"wp","href":"https:\/\/api.w.org\/{rel}","templated":true}]}}