{"id":5417,"date":"2025-11-27T13:29:19","date_gmt":"2025-11-27T13:29:19","guid":{"rendered":"https:\/\/wedrivesolar.com\/el-grupo-renault-y-we-drive-solar-lanzan-el-primer-servicio-de-ca-v2g-en-los-paises-bajos\/"},"modified":"2026-01-19T10:52:15","modified_gmt":"2026-01-19T10:52:15","slug":"el-grupo-renault-y-we-drive-solar-lanzan-el-primer-servicio-de-ca-v2g-en-los-paises-bajos","status":"publish","type":"post","link":"https:\/\/wedrivesolar.com\/es\/el-grupo-renault-y-we-drive-solar-lanzan-el-primer-servicio-de-ca-v2g-en-los-paises-bajos\/","title":{"rendered":"El Grupo Renault y We Drive Solar lanzan el primer servicio de CA V2G en los Pa\u00edses Bajos"},"content":{"rendered":"\n<ul class=\"wp-block-list\">\n<li><strong>Junto con We Drive Solar, el Grupo Renault lanza un servicio de veh\u00edculo a red (V2G) para clientes particulares en los Pa\u00edses Bajos.<\/strong><\/li>\n\n\n\n<li><strong>El V2G ofrece a los consumidores privados la oportunidad de reducir sus costes totales de electricidad y contribuir a la transici\u00f3n energ\u00e9tica utilizando su veh\u00edculo el\u00e9ctrico como amortiguador de energ\u00eda.<\/strong><\/li>\n\n\n\n<li><strong>Tras el lanzamiento de la CA V2G en Francia por el Grupo Renault, el fabricante de autom\u00f3viles y We Drive Solar pondr\u00e1n esta tecnolog\u00eda a disposici\u00f3n de los usuarios holandeses de VE del Grupo Renault en el primer semestre de 2026.<\/strong><\/li>\n<\/ul>\n\n<div style=\"height:50px\" aria-hidden=\"true\" class=\"wp-block-spacer\"><\/div>\n\n<p><strong>Schiphol-Rijk, 27 de noviembre de 2025 &#8211; En colaboraci\u00f3n con We Drive Solar, el Grupo Renault lanza un servicio de veh\u00edculo a red (V2G) en los Pa\u00edses Bajos. Este innovador servicio permite a los consumidores particulares utilizar sus veh\u00edculos para reducir los gastos de electricidad de sus hogares. Al mismo tiempo, les permite contribuir a aliviar la presi\u00f3n sobre la red el\u00e9ctrica durante las horas punta, apoyando activamente el avance de la transici\u00f3n energ\u00e9tica.  <\/strong><strong><\/strong><\/p>\n\n<p>En Holanda, m\u00e1s del 70% de las viviendas de los conductores de VE est\u00e1n equipadas con paneles solares*. Ahora que se acerca el final del r\u00e9gimen de medici\u00f3n neta (&#8220;salderingsregeling&#8221;) en enero de 2027, crece el inter\u00e9s por reutilizar la energ\u00eda barata y\/o autogenerada. La V2G ofrece una soluci\u00f3n para ello, al tiempo que contribuye a equilibrar la red el\u00e9ctrica de Holanda.  <\/p>\n\n<p>Gracias a la tecnolog\u00eda V2G, la carga se vuelve bidireccional. El servicio no s\u00f3lo permite interrumpir temporalmente la carga durante las horas punta, sino tambi\u00e9n devolver electricidad a la red cuando la demanda es alta. El coche se carga en los momentos en que el suministro de energ\u00eda renovable en la red es alto y, por tanto, la electricidad es m\u00e1s barata, lo que permite a los clientes conseguir ahorros sustanciales. Esto no afecta a la autonom\u00eda del veh\u00edculo: el sistema garantiza que el coche se cargue al nivel solicitado por el cliente cuando sea necesario.   <\/p>\n\n<h3 class=\"wp-block-heading\"><strong>V2G en los Pa\u00edses Bajos<\/strong><\/h3>\n\n<p>Dado que la carga bidireccional es una tecnolog\u00eda nueva y compleja y que cada red energ\u00e9tica de Europa tiene sus propios operadores y caracter\u00edsticas espec\u00edficas, el Grupo Renault y su socio desde hace tiempo, We Drive Solar, han optado por construir un ecosistema local en los Pa\u00edses Bajos. We Drive Solar es un proveedor l\u00edder de infraestructuras de recarga innovadoras. La empresa lleva diez a\u00f1os trabajando en soluciones de carga bidireccionales y ha desempe\u00f1ado un papel clave en varias primicias mundiales, como Utrecht energized, con el proveedor de coches compartidos MyWheels.  <\/p>\n\n<p>Los siguientes componentes ser\u00e1n necesarios para que los clientes se beneficien de este servicio V2G:<\/p>\n\n<ul class=\"wp-block-list\">\n<li>Un veh\u00edculo el\u00e9ctrico del Grupo Renault con un cargador a bordo apto para V2G. Inicialmente, esto incluye el Renault 5 E-Tech el\u00e9ctrico, el Renault 4 E-Tech el\u00e9ctrico y el Alpine A290. Los clientes pueden comprobar en su concesionario si su modelo es compatible.  <\/li>\n\n\n\n<li>La estaci\u00f3n de carga bidireccional V2G Solar Life de We Drive Solar**.<\/li>\n\n\n\n<li>Un contrato espec\u00edfico de energ\u00eda din\u00e1mica de uno de los proveedores compatibles (como Hegg Energy) -habr\u00e1 m\u00e1s de un proveedor compatible, para mejorar la elecci\u00f3n del consumidor- junto con la aplicaci\u00f3n m\u00f3vil correspondiente.<\/li>\n\n\n\n<li>Adem\u00e1s, la vivienda debe estar situada en Holanda, ser adecuada para instalar un cargador dom\u00e9stico y estar equipada con una conexi\u00f3n fija a Internet, una conexi\u00f3n trif\u00e1sica y un contador inteligente.<\/li>\n<\/ul>\n\n<h3 class=\"wp-block-heading\"><strong>Introducci\u00f3n en el mercado de la V2G<\/strong><\/h3>\n\n<p>En las pr\u00f3ximas semanas, un grupo selecto de pioneros empezar\u00e1 a beneficiarse del servicio V2G. El lanzamiento completo al mercado para el p\u00fablico en general est\u00e1 previsto para el primer semestre de 2026. <\/p>\n\n<p>A lo largo de 2026, el servicio V2G tambi\u00e9n deber\u00eda estar disponible para su uso con otros veh\u00edculos del Grupo Renault. Esto afecta a los modelos equipados con el cargador de a bordo V2G adecuado. En ese momento se comunicar\u00e1 m\u00e1s informaci\u00f3n sobre el producto.  <\/p>\n\n<p>En breve se publicar\u00e1n m\u00e1s detalles en el pr\u00f3ximo sitio web.<\/p>\n\n<p>* Nationaal Laadonderzoek 2023 (ElaadNL, VER, RVO)<\/p>\n\n<p>** Esta estaci\u00f3n tambi\u00e9n puede cargar veh\u00edculos el\u00e9ctricos o h\u00edbridos enchufables que no sean compatibles con V2G, pero no puede devolver electricidad a la red.<\/p>\n\n<h3 class=\"wp-block-heading\"><strong>Sobre el Grupo Renault<\/strong><\/h3>\n\n<p>El Grupo Renault est\u00e1 a la vanguardia de una movilidad que se reinventa. El Grupo se apoya en la complementariedad de sus 4 marcas -Renault &#8211; Dacia &#8211; Alpine y Mobilize- y ofrece soluciones de movilidad sostenibles e innovadoras a sus clientes. Implantado en 114 pa\u00edses, el Grupo Renault vender\u00e1 2.265 millones de veh\u00edculos en 2024. Emplea a m\u00e1s de 98.000 personas que encarnan cada d\u00eda su Prop\u00f3sito, para que la movilidad acerque a las personas.   <\/p>\n\n<p>Dispuesto a perseguir retos tanto en la carretera como en la competici\u00f3n, el Grupo est\u00e1 comprometido con una transformaci\u00f3n ambiciosa y generadora de valor, centrada en el desarrollo de nuevas tecnolog\u00edas y servicios, y en una nueva gama de veh\u00edculos a\u00fan m\u00e1s competitivos, equilibrados y electrificados. En l\u00ednea con los retos medioambientales, la ambici\u00f3n del Grupo es alcanzar la neutralidad en carbono en Europa para 2040. <\/p>\n\n<h3 class=\"wp-block-heading\"><strong>Acerca de We Drive Solar<\/strong><\/h3>\n\n<p>We Drive Solar es un proveedor l\u00edder de infraestructura de carga inteligente que respalda un sistema de energ\u00eda totalmente renovable. Activa desde hace diez a\u00f1os en soluciones bidireccionales, la empresa suministra cargadores bidireccionales de CA a clientes internacionales. Trabajando con fabricantes como Renault, We Drive Solar ha logrado varias primicias mundiales en carga bidireccional.  <\/p>\n\n<p>M\u00e1s informaci\u00f3n: <a href=\"http:\/\/www.wedrivesolar.nl\">www.wedrivesolar.nl<\/a><\/p>\n\n<h3 class=\"wp-block-heading\"><strong>Acerca de Movil\u00edzate<\/strong><\/h3>\n\n<p>Mobilize es la marca del Grupo Renault dedicada a las nuevas tendencias de movilidad. Mobilize apoya la transici\u00f3n hacia una movilidad m\u00e1s sostenible ofreciendo a sus clientes particulares y profesionales productos y soluciones relacionados con la energ\u00eda, la financiaci\u00f3n, la conectividad y la gesti\u00f3n de flotas. Mobilize tambi\u00e9n desarrolla veh\u00edculos el\u00e9ctricos de micro-movilidad. Mobilize encarna la visi\u00f3n de una movilidad sostenible e innovadora, y allana el camino para acelerar la transici\u00f3n energ\u00e9tica haci\u00e9ndola accesible y tangible.   <\/p>\n\n<p>Mobilize est\u00e1 presente en 40 pa\u00edses y emplea a m\u00e1s de 4.500 personas. Mobilize Financial Services est\u00e1 bajo la supervisi\u00f3n directa del Banco Central Europeo con el nombre de RCI Banque S.A. Para m\u00e1s informaci\u00f3n, visita mobilize.com o sigue a Mobilize en X, Instagram y LinkedIn. <\/p>\n\n<p><\/p>\n","protected":false},"excerpt":{"rendered":"<p>Schiphol-Rijk, 27 de noviembre de 2025 &#8211; En colaboraci\u00f3n con We Drive Solar, el Grupo Renault lanza un servicio de veh\u00edculo a red (V2G) en los Pa\u00edses Bajos. Este innovador servicio permite a los consumidores particulares utilizar sus veh\u00edculos para reducir los gastos de electricidad de sus hogares. Al mismo tiempo, les permite contribuir a [&hellip;]<\/p>\n","protected":false},"author":2,"featured_media":5421,"comment_status":"closed","ping_status":"closed","sticky":false,"template":"","format":"standard","meta":{"_acf_changed":false,"footnotes":""},"categories":[71],"tags":[],"class_list":["post-5417","post","type-post","status-publish","format-standard","has-post-thumbnail","hentry","category-sin-categoria"],"acf":[],"yoast_head":"<!-- This site is optimized with the Yoast SEO plugin v27.2 - https:\/\/yoast.com\/product\/yoast-seo-wordpress\/ -->\n<title>El Grupo Renault y We Drive Solar lanzan el primer servicio de CA V2G en los Pa\u00edses Bajos - We Drive Solar<\/title>\n<meta name=\"robots\" content=\"index, follow, max-snippet:-1, max-image-preview:large, max-video-preview:-1\" \/>\n<link rel=\"canonical\" href=\"https:\/\/wedrivesolar.com\/es\/el-grupo-renault-y-we-drive-solar-lanzan-el-primer-servicio-de-ca-v2g-en-los-paises-bajos\/\" \/>\n<meta property=\"og:locale\" content=\"es_ES\" \/>\n<meta property=\"og:type\" content=\"article\" \/>\n<meta property=\"og:title\" content=\"El Grupo Renault y We Drive Solar lanzan el primer servicio de CA V2G en los Pa\u00edses Bajos - We Drive Solar\" \/>\n<meta property=\"og:description\" content=\"Schiphol-Rijk, 27 de noviembre de 2025 &#8211; En colaboraci\u00f3n con We Drive Solar, el Grupo Renault lanza un servicio de veh\u00edculo a red (V2G) en los Pa\u00edses Bajos. Este innovador servicio permite a los consumidores particulares utilizar sus veh\u00edculos para reducir los gastos de electricidad de sus hogares. Al mismo tiempo, les permite contribuir a [&hellip;]\" \/>\n<meta property=\"og:url\" content=\"https:\/\/wedrivesolar.com\/es\/el-grupo-renault-y-we-drive-solar-lanzan-el-primer-servicio-de-ca-v2g-en-los-paises-bajos\/\" \/>\n<meta property=\"og:site_name\" content=\"We Drive Solar\" \/>\n<meta property=\"article:published_time\" content=\"2025-11-27T13:29:19+00:00\" \/>\n<meta property=\"article:modified_time\" content=\"2026-01-19T10:52:15+00:00\" \/>\n<meta property=\"og:image\" content=\"https:\/\/wedrivesolar.com\/wp-content\/uploads\/2025\/11\/CadrageCarNR_PwBSolarLife_4K_001-scaled.webp\" \/>\n\t<meta property=\"og:image:width\" content=\"1920\" \/>\n\t<meta property=\"og:image:height\" content=\"1080\" \/>\n\t<meta property=\"og:image:type\" content=\"image\/jpeg\" \/>\n<meta name=\"author\" content=\"Mauro\" \/>\n<meta name=\"twitter:card\" content=\"summary_large_image\" \/>\n<meta name=\"twitter:label1\" content=\"Escrito por\" \/>\n\t<meta name=\"twitter:data1\" content=\"Mauro\" \/>\n\t<meta name=\"twitter:label2\" content=\"Tiempo de lectura\" \/>\n\t<meta name=\"twitter:data2\" content=\"6 minuto\" \/>\n<script type=\"application\/ld+json\" class=\"yoast-schema-graph\">{\"@context\":\"https:\/\/schema.org\",\"@graph\":[{\"@type\":\"Article\",\"@id\":\"https:\/\/wedrivesolar.com\/es\/el-grupo-renault-y-we-drive-solar-lanzan-el-primer-servicio-de-ca-v2g-en-los-paises-bajos\/#article\",\"isPartOf\":{\"@id\":\"https:\/\/wedrivesolar.com\/es\/el-grupo-renault-y-we-drive-solar-lanzan-el-primer-servicio-de-ca-v2g-en-los-paises-bajos\/\"},\"author\":{\"name\":\"Mauro\",\"@id\":\"https:\/\/wedrivesolar.com\/#\/schema\/person\/986f5e903ad14f7821226b901be00a53\"},\"headline\":\"El Grupo Renault y We Drive Solar lanzan el primer servicio de CA V2G en los Pa\u00edses Bajos\",\"datePublished\":\"2025-11-27T13:29:19+00:00\",\"dateModified\":\"2026-01-19T10:52:15+00:00\",\"mainEntityOfPage\":{\"@id\":\"https:\/\/wedrivesolar.com\/es\/el-grupo-renault-y-we-drive-solar-lanzan-el-primer-servicio-de-ca-v2g-en-los-paises-bajos\/\"},\"wordCount\":1150,\"publisher\":{\"@id\":\"https:\/\/wedrivesolar.com\/#organization\"},\"image\":{\"@id\":\"https:\/\/wedrivesolar.com\/es\/el-grupo-renault-y-we-drive-solar-lanzan-el-primer-servicio-de-ca-v2g-en-los-paises-bajos\/#primaryimage\"},\"thumbnailUrl\":\"https:\/\/wedrivesolar.com\/wp-content\/uploads\/2025\/11\/CadrageCarNR_PwBSolarLife_4K_001-scaled.webp\",\"inLanguage\":\"es\"},{\"@type\":\"WebPage\",\"@id\":\"https:\/\/wedrivesolar.com\/es\/el-grupo-renault-y-we-drive-solar-lanzan-el-primer-servicio-de-ca-v2g-en-los-paises-bajos\/\",\"url\":\"https:\/\/wedrivesolar.com\/es\/el-grupo-renault-y-we-drive-solar-lanzan-el-primer-servicio-de-ca-v2g-en-los-paises-bajos\/\",\"name\":\"El Grupo Renault y We Drive Solar lanzan el primer servicio de CA V2G en los Pa\u00edses Bajos - We Drive Solar\",\"isPartOf\":{\"@id\":\"https:\/\/wedrivesolar.com\/#website\"},\"primaryImageOfPage\":{\"@id\":\"https:\/\/wedrivesolar.com\/es\/el-grupo-renault-y-we-drive-solar-lanzan-el-primer-servicio-de-ca-v2g-en-los-paises-bajos\/#primaryimage\"},\"image\":{\"@id\":\"https:\/\/wedrivesolar.com\/es\/el-grupo-renault-y-we-drive-solar-lanzan-el-primer-servicio-de-ca-v2g-en-los-paises-bajos\/#primaryimage\"},\"thumbnailUrl\":\"https:\/\/wedrivesolar.com\/wp-content\/uploads\/2025\/11\/CadrageCarNR_PwBSolarLife_4K_001-scaled.webp\",\"datePublished\":\"2025-11-27T13:29:19+00:00\",\"dateModified\":\"2026-01-19T10:52:15+00:00\",\"breadcrumb\":{\"@id\":\"https:\/\/wedrivesolar.com\/es\/el-grupo-renault-y-we-drive-solar-lanzan-el-primer-servicio-de-ca-v2g-en-los-paises-bajos\/#breadcrumb\"},\"inLanguage\":\"es\",\"potentialAction\":[{\"@type\":\"ReadAction\",\"target\":[\"https:\/\/wedrivesolar.com\/es\/el-grupo-renault-y-we-drive-solar-lanzan-el-primer-servicio-de-ca-v2g-en-los-paises-bajos\/\"]}]},{\"@type\":\"ImageObject\",\"inLanguage\":\"es\",\"@id\":\"https:\/\/wedrivesolar.com\/es\/el-grupo-renault-y-we-drive-solar-lanzan-el-primer-servicio-de-ca-v2g-en-los-paises-bajos\/#primaryimage\",\"url\":\"https:\/\/wedrivesolar.com\/wp-content\/uploads\/2025\/11\/CadrageCarNR_PwBSolarLife_4K_001-scaled.webp\",\"contentUrl\":\"https:\/\/wedrivesolar.com\/wp-content\/uploads\/2025\/11\/CadrageCarNR_PwBSolarLife_4K_001-scaled.webp\",\"width\":1920,\"height\":1080},{\"@type\":\"BreadcrumbList\",\"@id\":\"https:\/\/wedrivesolar.com\/es\/el-grupo-renault-y-we-drive-solar-lanzan-el-primer-servicio-de-ca-v2g-en-los-paises-bajos\/#breadcrumb\",\"itemListElement\":[{\"@type\":\"ListItem\",\"position\":1,\"name\":\"Inicio\",\"item\":\"https:\/\/wedrivesolar.com\/es\/inicio\/\"},{\"@type\":\"ListItem\",\"position\":2,\"name\":\"El Grupo Renault y We Drive Solar lanzan el primer servicio de CA V2G en los Pa\u00edses Bajos\"}]},{\"@type\":\"WebSite\",\"@id\":\"https:\/\/wedrivesolar.com\/#website\",\"url\":\"https:\/\/wedrivesolar.com\/\",\"name\":\"We Drive Solar\",\"description\":\"Shaping the electricity grid of the future\",\"publisher\":{\"@id\":\"https:\/\/wedrivesolar.com\/#organization\"},\"potentialAction\":[{\"@type\":\"SearchAction\",\"target\":{\"@type\":\"EntryPoint\",\"urlTemplate\":\"https:\/\/wedrivesolar.com\/?s={search_term_string}\"},\"query-input\":{\"@type\":\"PropertyValueSpecification\",\"valueRequired\":true,\"valueName\":\"search_term_string\"}}],\"inLanguage\":\"es\"},{\"@type\":\"Organization\",\"@id\":\"https:\/\/wedrivesolar.com\/#organization\",\"name\":\"We Drive Solar\",\"url\":\"https:\/\/wedrivesolar.com\/\",\"logo\":{\"@type\":\"ImageObject\",\"inLanguage\":\"es\",\"@id\":\"https:\/\/wedrivesolar.com\/#\/schema\/logo\/image\/\",\"url\":\"https:\/\/wedrivesolar.com\/wp-content\/uploads\/2025\/04\/cropped-wedrivesolar_transparant.png\",\"contentUrl\":\"https:\/\/wedrivesolar.com\/wp-content\/uploads\/2025\/04\/cropped-wedrivesolar_transparant.png\",\"width\":1280,\"height\":201,\"caption\":\"We Drive Solar\"},\"image\":{\"@id\":\"https:\/\/wedrivesolar.com\/#\/schema\/logo\/image\/\"}},{\"@type\":\"Person\",\"@id\":\"https:\/\/wedrivesolar.com\/#\/schema\/person\/986f5e903ad14f7821226b901be00a53\",\"name\":\"Mauro\",\"image\":{\"@type\":\"ImageObject\",\"inLanguage\":\"es\",\"@id\":\"https:\/\/secure.gravatar.com\/avatar\/7c4d968f295a99662932f5d4f633ff7b246a499f584c4e7ca8bca5bc719f459f?s=96&d=mm&r=g\",\"url\":\"https:\/\/secure.gravatar.com\/avatar\/7c4d968f295a99662932f5d4f633ff7b246a499f584c4e7ca8bca5bc719f459f?s=96&d=mm&r=g\",\"contentUrl\":\"https:\/\/secure.gravatar.com\/avatar\/7c4d968f295a99662932f5d4f633ff7b246a499f584c4e7ca8bca5bc719f459f?s=96&d=mm&r=g\",\"caption\":\"Mauro\"},\"url\":\"https:\/\/wedrivesolar.com\/es\/author\/mauro\/\"}]}<\/script>\n<!-- \/ Yoast SEO plugin. -->","yoast_head_json":{"title":"El Grupo Renault y We Drive Solar lanzan el primer servicio de CA V2G en los Pa\u00edses Bajos - We Drive Solar","robots":{"index":"index","follow":"follow","max-snippet":"max-snippet:-1","max-image-preview":"max-image-preview:large","max-video-preview":"max-video-preview:-1"},"canonical":"https:\/\/wedrivesolar.com\/es\/el-grupo-renault-y-we-drive-solar-lanzan-el-primer-servicio-de-ca-v2g-en-los-paises-bajos\/","og_locale":"es_ES","og_type":"article","og_title":"El Grupo Renault y We Drive Solar lanzan el primer servicio de CA V2G en los Pa\u00edses Bajos - We Drive Solar","og_description":"Schiphol-Rijk, 27 de noviembre de 2025 &#8211; En colaboraci\u00f3n con We Drive Solar, el Grupo Renault lanza un servicio de veh\u00edculo a red (V2G) en los Pa\u00edses Bajos. Este innovador servicio permite a los consumidores particulares utilizar sus veh\u00edculos para reducir los gastos de electricidad de sus hogares. Al mismo tiempo, les permite contribuir a [&hellip;]","og_url":"https:\/\/wedrivesolar.com\/es\/el-grupo-renault-y-we-drive-solar-lanzan-el-primer-servicio-de-ca-v2g-en-los-paises-bajos\/","og_site_name":"We Drive Solar","article_published_time":"2025-11-27T13:29:19+00:00","article_modified_time":"2026-01-19T10:52:15+00:00","og_image":[{"width":1920,"height":1080,"url":"https:\/\/wedrivesolar.com\/wp-content\/uploads\/2025\/11\/CadrageCarNR_PwBSolarLife_4K_001-scaled.webp","type":"image\/jpeg"}],"author":"Mauro","twitter_card":"summary_large_image","twitter_misc":{"Escrito por":"Mauro","Tiempo de lectura":"6 minuto"},"schema":{"@context":"https:\/\/schema.org","@graph":[{"@type":"Article","@id":"https:\/\/wedrivesolar.com\/es\/el-grupo-renault-y-we-drive-solar-lanzan-el-primer-servicio-de-ca-v2g-en-los-paises-bajos\/#article","isPartOf":{"@id":"https:\/\/wedrivesolar.com\/es\/el-grupo-renault-y-we-drive-solar-lanzan-el-primer-servicio-de-ca-v2g-en-los-paises-bajos\/"},"author":{"name":"Mauro","@id":"https:\/\/wedrivesolar.com\/#\/schema\/person\/986f5e903ad14f7821226b901be00a53"},"headline":"El Grupo Renault y We Drive Solar lanzan el primer servicio de CA V2G en los Pa\u00edses Bajos","datePublished":"2025-11-27T13:29:19+00:00","dateModified":"2026-01-19T10:52:15+00:00","mainEntityOfPage":{"@id":"https:\/\/wedrivesolar.com\/es\/el-grupo-renault-y-we-drive-solar-lanzan-el-primer-servicio-de-ca-v2g-en-los-paises-bajos\/"},"wordCount":1150,"publisher":{"@id":"https:\/\/wedrivesolar.com\/#organization"},"image":{"@id":"https:\/\/wedrivesolar.com\/es\/el-grupo-renault-y-we-drive-solar-lanzan-el-primer-servicio-de-ca-v2g-en-los-paises-bajos\/#primaryimage"},"thumbnailUrl":"https:\/\/wedrivesolar.com\/wp-content\/uploads\/2025\/11\/CadrageCarNR_PwBSolarLife_4K_001-scaled.webp","inLanguage":"es"},{"@type":"WebPage","@id":"https:\/\/wedrivesolar.com\/es\/el-grupo-renault-y-we-drive-solar-lanzan-el-primer-servicio-de-ca-v2g-en-los-paises-bajos\/","url":"https:\/\/wedrivesolar.com\/es\/el-grupo-renault-y-we-drive-solar-lanzan-el-primer-servicio-de-ca-v2g-en-los-paises-bajos\/","name":"El Grupo Renault y We Drive Solar lanzan el primer servicio de CA V2G en los Pa\u00edses Bajos - We Drive Solar","isPartOf":{"@id":"https:\/\/wedrivesolar.com\/#website"},"primaryImageOfPage":{"@id":"https:\/\/wedrivesolar.com\/es\/el-grupo-renault-y-we-drive-solar-lanzan-el-primer-servicio-de-ca-v2g-en-los-paises-bajos\/#primaryimage"},"image":{"@id":"https:\/\/wedrivesolar.com\/es\/el-grupo-renault-y-we-drive-solar-lanzan-el-primer-servicio-de-ca-v2g-en-los-paises-bajos\/#primaryimage"},"thumbnailUrl":"https:\/\/wedrivesolar.com\/wp-content\/uploads\/2025\/11\/CadrageCarNR_PwBSolarLife_4K_001-scaled.webp","datePublished":"2025-11-27T13:29:19+00:00","dateModified":"2026-01-19T10:52:15+00:00","breadcrumb":{"@id":"https:\/\/wedrivesolar.com\/es\/el-grupo-renault-y-we-drive-solar-lanzan-el-primer-servicio-de-ca-v2g-en-los-paises-bajos\/#breadcrumb"},"inLanguage":"es","potentialAction":[{"@type":"ReadAction","target":["https:\/\/wedrivesolar.com\/es\/el-grupo-renault-y-we-drive-solar-lanzan-el-primer-servicio-de-ca-v2g-en-los-paises-bajos\/"]}]},{"@type":"ImageObject","inLanguage":"es","@id":"https:\/\/wedrivesolar.com\/es\/el-grupo-renault-y-we-drive-solar-lanzan-el-primer-servicio-de-ca-v2g-en-los-paises-bajos\/#primaryimage","url":"https:\/\/wedrivesolar.com\/wp-content\/uploads\/2025\/11\/CadrageCarNR_PwBSolarLife_4K_001-scaled.webp","contentUrl":"https:\/\/wedrivesolar.com\/wp-content\/uploads\/2025\/11\/CadrageCarNR_PwBSolarLife_4K_001-scaled.webp","width":1920,"height":1080},{"@type":"BreadcrumbList","@id":"https:\/\/wedrivesolar.com\/es\/el-grupo-renault-y-we-drive-solar-lanzan-el-primer-servicio-de-ca-v2g-en-los-paises-bajos\/#breadcrumb","itemListElement":[{"@type":"ListItem","position":1,"name":"Inicio","item":"https:\/\/wedrivesolar.com\/es\/inicio\/"},{"@type":"ListItem","position":2,"name":"El Grupo Renault y We Drive Solar lanzan el primer servicio de CA V2G en los Pa\u00edses Bajos"}]},{"@type":"WebSite","@id":"https:\/\/wedrivesolar.com\/#website","url":"https:\/\/wedrivesolar.com\/","name":"We Drive Solar","description":"Shaping the electricity grid of the future","publisher":{"@id":"https:\/\/wedrivesolar.com\/#organization"},"potentialAction":[{"@type":"SearchAction","target":{"@type":"EntryPoint","urlTemplate":"https:\/\/wedrivesolar.com\/?s={search_term_string}"},"query-input":{"@type":"PropertyValueSpecification","valueRequired":true,"valueName":"search_term_string"}}],"inLanguage":"es"},{"@type":"Organization","@id":"https:\/\/wedrivesolar.com\/#organization","name":"We Drive Solar","url":"https:\/\/wedrivesolar.com\/","logo":{"@type":"ImageObject","inLanguage":"es","@id":"https:\/\/wedrivesolar.com\/#\/schema\/logo\/image\/","url":"https:\/\/wedrivesolar.com\/wp-content\/uploads\/2025\/04\/cropped-wedrivesolar_transparant.png","contentUrl":"https:\/\/wedrivesolar.com\/wp-content\/uploads\/2025\/04\/cropped-wedrivesolar_transparant.png","width":1280,"height":201,"caption":"We Drive Solar"},"image":{"@id":"https:\/\/wedrivesolar.com\/#\/schema\/logo\/image\/"}},{"@type":"Person","@id":"https:\/\/wedrivesolar.com\/#\/schema\/person\/986f5e903ad14f7821226b901be00a53","name":"Mauro","image":{"@type":"ImageObject","inLanguage":"es","@id":"https:\/\/secure.gravatar.com\/avatar\/7c4d968f295a99662932f5d4f633ff7b246a499f584c4e7ca8bca5bc719f459f?s=96&d=mm&r=g","url":"https:\/\/secure.gravatar.com\/avatar\/7c4d968f295a99662932f5d4f633ff7b246a499f584c4e7ca8bca5bc719f459f?s=96&d=mm&r=g","contentUrl":"https:\/\/secure.gravatar.com\/avatar\/7c4d968f295a99662932f5d4f633ff7b246a499f584c4e7ca8bca5bc719f459f?s=96&d=mm&r=g","caption":"Mauro"},"url":"https:\/\/wedrivesolar.com\/es\/author\/mauro\/"}]}},"_links":{"self":[{"href":"https:\/\/wedrivesolar.com\/es\/wp-json\/wp\/v2\/posts\/5417","targetHints":{"allow":["GET"]}}],"collection":[{"href":"https:\/\/wedrivesolar.com\/es\/wp-json\/wp\/v2\/posts"}],"about":[{"href":"https:\/\/wedrivesolar.com\/es\/wp-json\/wp\/v2\/types\/post"}],"author":[{"embeddable":true,"href":"https:\/\/wedrivesolar.com\/es\/wp-json\/wp\/v2\/users\/2"}],"replies":[{"embeddable":true,"href":"https:\/\/wedrivesolar.com\/es\/wp-json\/wp\/v2\/comments?post=5417"}],"version-history":[{"count":1,"href":"https:\/\/wedrivesolar.com\/es\/wp-json\/wp\/v2\/posts\/5417\/revisions"}],"predecessor-version":[{"id":5771,"href":"https:\/\/wedrivesolar.com\/es\/wp-json\/wp\/v2\/posts\/5417\/revisions\/5771"}],"wp:featuredmedia":[{"embeddable":true,"href":"https:\/\/wedrivesolar.com\/es\/wp-json\/wp\/v2\/media\/5421"}],"wp:attachment":[{"href":"https:\/\/wedrivesolar.com\/es\/wp-json\/wp\/v2\/media?parent=5417"}],"wp:term":[{"taxonomy":"category","embeddable":true,"href":"https:\/\/wedrivesolar.com\/es\/wp-json\/wp\/v2\/categories?post=5417"},{"taxonomy":"post_tag","embeddable":true,"href":"https:\/\/wedrivesolar.com\/es\/wp-json\/wp\/v2\/tags?post=5417"}],"curies":[{"name":"wp","href":"https:\/\/api.w.org\/{rel}","templated":true}]}}