{"id":5415,"date":"2025-11-27T13:29:19","date_gmt":"2025-11-27T13:29:19","guid":{"rendered":"https:\/\/wedrivesolar.com\/le-groupe-renault-et-we-drive-solar-lancent-le-premier-service-v2g-ac-aux-pays-bas\/"},"modified":"2025-11-28T08:01:18","modified_gmt":"2025-11-28T08:01:18","slug":"le-groupe-renault-et-we-drive-solar-lancent-le-premier-service-v2g-ac-aux-pays-bas","status":"publish","type":"post","link":"https:\/\/wedrivesolar.com\/fr\/le-groupe-renault-et-we-drive-solar-lancent-le-premier-service-v2g-ac-aux-pays-bas\/","title":{"rendered":"Le Groupe Renault et We Drive Solar lancent le premier service V2G AC aux Pays-Bas"},"content":{"rendered":"\n<ul class=\"wp-block-list\">\n<li><strong>En collaboration avec We Drive Solar, le Groupe Renault lance aux Pays-Bas un service V2G (vehicle-to-grid) destin\u00e9 aux particuliers.<\/strong><\/li>\n\n\n\n<li><strong>Le V2G offre aux consommateurs priv\u00e9s la possibilit\u00e9 de r\u00e9duire leurs co\u00fbts totaux d&#8217;\u00e9lectricit\u00e9 et de contribuer \u00e0 la transition \u00e9nerg\u00e9tique en utilisant leur v\u00e9hicule \u00e9lectrique comme tampon \u00e9nerg\u00e9tique.<\/strong><\/li>\n\n\n\n<li><strong>Apr\u00e8s le lancement du V2G AC en France par le Groupe Renault, le constructeur automobile et We Drive Solar mettront cette technologie \u00e0 la disposition des utilisateurs n\u00e9erlandais de VE du Groupe Renault au cours du premier semestre 2026.<\/strong><\/li>\n<\/ul>\n\n<div style=\"height:50px\" aria-hidden=\"true\" class=\"wp-block-spacer\"><\/div>\n\n<p><strong>Schiphol-Rijk, le 27 novembre 2025 &#8211; En partenariat avec We Drive Solar, le Groupe Renault lance un service V2G (vehicle-to-grid) aux Pays-Bas. Ce service innovant permet aux particuliers d&#8217;utiliser leur v\u00e9hicule pour r\u00e9duire leurs d\u00e9penses d&#8217;\u00e9lectricit\u00e9. Simultan\u00e9ment, il leur permet de jouer un r\u00f4le dans l&#8217;all\u00e8gement de la pression sur le r\u00e9seau \u00e9lectrique pendant les heures de pointe, soutenant ainsi activement l&#8217;avancement de la transition \u00e9nerg\u00e9tique.  <\/strong><strong><\/strong><\/p>\n\n<p>Aux Pays-Bas, plus de 70 % des maisons des conducteurs de VE sont \u00e9quip\u00e9es de panneaux solaires*. La fin du syst\u00e8me de facturation nette (&#8220;salderingsregeling&#8221;) approchant en janvier 2027, la r\u00e9utilisation de l&#8217;\u00e9nergie bon march\u00e9 et\/ou autoproduite suscite de plus en plus d&#8217;int\u00e9r\u00eat. Le V2G offre une solution \u00e0 ce probl\u00e8me, tout en contribuant \u00e0 l&#8217;\u00e9quilibrage du r\u00e9seau \u00e9lectrique aux Pays-Bas.  <\/p>\n\n<p>Gr\u00e2ce \u00e0 la technologie V2G, la recharge devient bidirectionnelle. Le service permet non seulement d&#8217;interrompre temporairement la charge pendant les heures de pointe, mais aussi de r\u00e9injecter de l&#8217;\u00e9lectricit\u00e9 dans le r\u00e9seau lorsque la demande est \u00e9lev\u00e9e. La voiture se recharge \u00e0 des moments o\u00f9 l&#8217;offre d&#8217;\u00e9nergie renouvelable sur le r\u00e9seau est \u00e9lev\u00e9e et o\u00f9 l&#8217;\u00e9lectricit\u00e9 est donc moins ch\u00e8re, ce qui permet aux clients de r\u00e9aliser des \u00e9conomies substantielles. Cela n&#8217;a aucune incidence sur l&#8217;autonomie du v\u00e9hicule : le syst\u00e8me garantit que la voiture est charg\u00e9e au niveau demand\u00e9 par le client lorsque celui-ci en a besoin.   <\/p>\n\n<h3 class=\"wp-block-heading\"><strong>V2G aux Pays-Bas<\/strong><\/h3>\n\n<p>\u00c9tant donn\u00e9 que la recharge bidirectionnelle est une nouvelle technologie complexe et que chaque r\u00e9seau \u00e9nerg\u00e9tique en Europe a ses propres op\u00e9rateurs et caract\u00e9ristiques sp\u00e9cifiques, le Groupe Renault et son partenaire de longue date We Drive Solar ont choisi de construire un \u00e9cosyst\u00e8me local aux Pays-Bas. We Drive Solar est un fournisseur de premier plan d&#8217;infrastructures de recharge innovantes. L&#8217;entreprise est active dans les solutions de recharge bidirectionnelles depuis dix ans et a jou\u00e9 un r\u00f4le cl\u00e9 dans plusieurs premi\u00e8res mondiales, notamment Utrecht energized, avec le fournisseur d&#8217;autopartage MyWheels.  <\/p>\n\n<p>Les composants suivants seront n\u00e9cessaires pour que les clients puissent b\u00e9n\u00e9ficier de ce service V2G :<\/p>\n\n<ul class=\"wp-block-list\">\n<li>Un v\u00e9hicule \u00e9lectrique du Groupe Renault avec un chargeur embarqu\u00e9 adapt\u00e9 au V2G. Dans un premier temps, il s&#8217;agit des mod\u00e8les Renault 5 E-Tech electric, Renault 4 E-Tech electric et Alpine A290. Les clients peuvent v\u00e9rifier aupr\u00e8s de leur concessionnaire si leur mod\u00e8le est compatible.  <\/li>\n\n\n\n<li>La station de charge V2G bidirectionnelle Solar Life de We Drive Solar**.<\/li>\n\n\n\n<li>Un contrat d&#8217;\u00e9nergie dynamique sp\u00e9cifique de l&#8217;un des fournisseurs compatibles (comme Hegg Energy) &#8211; il y aura plus d&#8217;un fournisseur compatible, pour am\u00e9liorer le choix du consommateur &#8211; ainsi que l&#8217;application mobile correspondante.<\/li>\n\n\n\n<li>En outre, le logement doit \u00eatre situ\u00e9 aux Pays-Bas, adapt\u00e9 \u00e0 l&#8217;installation d&#8217;un chargeur domestique et \u00e9quip\u00e9 d&#8217;une connexion internet fixe, d&#8217;une connexion triphas\u00e9e et d&#8217;un compteur intelligent.<\/li>\n<\/ul>\n\n<h3 class=\"wp-block-heading\"><strong>Pr\u00e9sentation du march\u00e9 du V2G<\/strong><\/h3>\n\n<p>Dans les semaines \u00e0 venir, un groupe s\u00e9lectionn\u00e9 d&#8217;utilisateurs pr\u00e9coces commencera \u00e0 s&#8217;inscrire pour b\u00e9n\u00e9ficier du service V2G. Le lancement complet du march\u00e9 pour le grand public est pr\u00e9vu pour le premier semestre 2026. <\/p>\n\n<p>Au cours de l&#8217;ann\u00e9e 2026, le service V2G devrait \u00e9galement \u00eatre disponible pour d&#8217;autres v\u00e9hicules du Groupe Renault. Cela concerne les mod\u00e8les \u00e9quip\u00e9s du chargeur embarqu\u00e9 V2G appropri\u00e9. De plus amples informations sur les produits seront communiqu\u00e9es \u00e0 ce moment-l\u00e0.  <\/p>\n\n<p>De plus amples informations seront publi\u00e9es sous peu sur le site web \u00e0 venir.<\/p>\n\n<p>* Nationaal Laadonderzoek 2023 (ElaadNL, VER, RVO)<\/p>\n\n<p>** Cette station peut \u00e9galement recharger les v\u00e9hicules \u00e9lectriques ou hybrides rechargeables qui ne sont pas compatibles V2G, mais elle ne peut pas r\u00e9injecter de l&#8217;\u00e9lectricit\u00e9 dans le r\u00e9seau.<\/p>\n\n<h3 class=\"wp-block-heading\"><strong>A propos du Groupe Renault<\/strong><\/h3>\n\n<p>Le Groupe Renault est \u00e0 l&#8217;avant-garde d&#8217;une mobilit\u00e9 qui se r\u00e9invente. Le Groupe s&#8217;appuie sur la compl\u00e9mentarit\u00e9 de ses 4 marques &#8211; Renault &#8211; Dacia &#8211; Alpine et Mobilize &#8211; et propose \u00e0 ses clients des solutions de mobilit\u00e9 durables et innovantes. Implant\u00e9 dans 114 pays, le Groupe Renault a vendu 2,265 millions de v\u00e9hicules en 2024. Il emploie plus de 98 000 personnes qui incarnent chaque jour sa raison d&#8217;\u00eatre, pour que la mobilit\u00e9 rapproche les hommes.   <\/p>\n\n<p>Pr\u00eat \u00e0 poursuivre les d\u00e9fis sur la route et en comp\u00e9tition, le Groupe s&#8217;engage dans une transformation ambitieuse et cr\u00e9atrice de valeur, ax\u00e9e sur le d\u00e9veloppement de nouvelles technologies et de nouveaux services, et d&#8217;une nouvelle gamme de v\u00e9hicules encore plus comp\u00e9titifs, \u00e9quilibr\u00e9s et \u00e9lectrifi\u00e9s. En ligne avec les enjeux environnementaux, l&#8217;ambition du Groupe est d&#8217;atteindre la neutralit\u00e9 carbone en Europe d&#8217;ici 2040. <\/p>\n\n<h3 class=\"wp-block-heading\"><strong>\u00c0 propos de We Drive Solar<\/strong><\/h3>\n\n<p>We Drive Solar est un fournisseur de premier plan d&#8217;infrastructures de recharge intelligentes qui soutiennent un syst\u00e8me d&#8217;\u00e9nergie enti\u00e8rement renouvelable. Active depuis dix ans dans les solutions bidirectionnelles, l&#8217;entreprise fournit des chargeurs bidirectionnels \u00e0 courant alternatif \u00e0 des clients internationaux. En collaboration avec des constructeurs tels que Renault, We Drive Solar a r\u00e9alis\u00e9 plusieurs premi\u00e8res mondiales en mati\u00e8re de charge bidirectionnelle.  <\/p>\n\n<p>Plus d&#8217;informations : <a href=\"http:\/\/www.wedrivesolar.nl\">www.wedrivesolar.nl<\/a><\/p>\n\n<h3 class=\"wp-block-heading\"><strong>\u00c0 propos de Mobilize<\/strong><\/h3>\n\n<p>Mobilize est la marque du Groupe Renault d\u00e9di\u00e9e aux nouvelles tendances de la mobilit\u00e9. Mobilize accompagne la transition vers une mobilit\u00e9 plus durable en proposant \u00e0 ses clients particuliers et professionnels des produits et solutions li\u00e9s \u00e0 l&#8217;\u00e9nergie, au financement, \u00e0 la connectivit\u00e9 et \u00e0 la gestion de flotte. Mobilize d\u00e9veloppe \u00e9galement des v\u00e9hicules de micro-mobilit\u00e9 \u00e9lectrique. Mobilize incarne la vision d&#8217;une mobilit\u00e9 durable et innovante, et ouvre la voie \u00e0 l&#8217;acc\u00e9l\u00e9ration de la transition \u00e9nerg\u00e9tique en la rendant accessible et tangible.   <\/p>\n\n<p>Mobilize est pr\u00e9sent dans 40 pays et emploie plus de 4 500 personnes. Mobilize Financial Services est sous la supervision directe de la Banque centrale europ\u00e9enne sous le nom de RCI Banque S.A. Pour plus d&#8217;informations, visitez mobilize.com ou suivez Mobilize sur X, Instagram et LinkedIn. <\/p>\n\n<p><\/p>\n","protected":false},"excerpt":{"rendered":"<p>Schiphol-Rijk, le 27 novembre 2025 &#8211; En partenariat avec We Drive Solar, le Groupe Renault lance un service V2G (vehicle-to-grid) aux Pays-Bas. Ce service innovant permet aux particuliers d&#8217;utiliser leur v\u00e9hicule pour r\u00e9duire leurs d\u00e9penses d&#8217;\u00e9lectricit\u00e9. Simultan\u00e9ment, il leur permet de jouer un r\u00f4le dans l&#8217;all\u00e8gement de la pression sur le r\u00e9seau \u00e9lectrique pendant les [&hellip;]<\/p>\n","protected":false},"author":2,"featured_media":5418,"comment_status":"closed","ping_status":"closed","sticky":false,"template":"","format":"standard","meta":{"_acf_changed":false,"footnotes":""},"categories":[],"tags":[],"class_list":["post-5415","post","type-post","status-publish","format-standard","has-post-thumbnail","hentry"],"acf":[],"yoast_head":"<!-- This site is optimized with the Yoast SEO plugin v27.2 - https:\/\/yoast.com\/product\/yoast-seo-wordpress\/ -->\n<title>Le Groupe Renault et We Drive Solar lancent le premier service V2G AC aux Pays-Bas - We Drive Solar<\/title>\n<meta name=\"robots\" content=\"index, follow, max-snippet:-1, max-image-preview:large, max-video-preview:-1\" \/>\n<link rel=\"canonical\" href=\"https:\/\/wedrivesolar.com\/fr\/le-groupe-renault-et-we-drive-solar-lancent-le-premier-service-v2g-ac-aux-pays-bas\/\" \/>\n<meta property=\"og:locale\" content=\"fr_FR\" \/>\n<meta property=\"og:type\" content=\"article\" \/>\n<meta property=\"og:title\" content=\"Le Groupe Renault et We Drive Solar lancent le premier service V2G AC aux Pays-Bas - We Drive Solar\" \/>\n<meta property=\"og:description\" content=\"Schiphol-Rijk, le 27 novembre 2025 &#8211; En partenariat avec We Drive Solar, le Groupe Renault lance un service V2G (vehicle-to-grid) aux Pays-Bas. Ce service innovant permet aux particuliers d&#8217;utiliser leur v\u00e9hicule pour r\u00e9duire leurs d\u00e9penses d&#8217;\u00e9lectricit\u00e9. Simultan\u00e9ment, il leur permet de jouer un r\u00f4le dans l&#8217;all\u00e8gement de la pression sur le r\u00e9seau \u00e9lectrique pendant les [&hellip;]\" \/>\n<meta property=\"og:url\" content=\"https:\/\/wedrivesolar.com\/fr\/le-groupe-renault-et-we-drive-solar-lancent-le-premier-service-v2g-ac-aux-pays-bas\/\" \/>\n<meta property=\"og:site_name\" content=\"We Drive Solar\" \/>\n<meta property=\"article:published_time\" content=\"2025-11-27T13:29:19+00:00\" \/>\n<meta property=\"article:modified_time\" content=\"2025-11-28T08:01:18+00:00\" \/>\n<meta property=\"og:image\" content=\"https:\/\/wedrivesolar.com\/wp-content\/uploads\/2025\/11\/CadrageCarNR_PwBSolarLife_4K_001-scaled.webp\" \/>\n\t<meta property=\"og:image:width\" content=\"1920\" \/>\n\t<meta property=\"og:image:height\" content=\"1080\" \/>\n\t<meta property=\"og:image:type\" content=\"image\/jpeg\" \/>\n<meta name=\"author\" content=\"Mauro\" \/>\n<meta name=\"twitter:card\" content=\"summary_large_image\" \/>\n<meta name=\"twitter:label1\" content=\"\u00c9crit par\" \/>\n\t<meta name=\"twitter:data1\" content=\"Mauro\" \/>\n\t<meta name=\"twitter:label2\" content=\"Dur\u00e9e de lecture estim\u00e9e\" \/>\n\t<meta name=\"twitter:data2\" content=\"5 minutes\" \/>\n<script type=\"application\/ld+json\" class=\"yoast-schema-graph\">{\"@context\":\"https:\/\/schema.org\",\"@graph\":[{\"@type\":\"Article\",\"@id\":\"https:\/\/wedrivesolar.com\/fr\/le-groupe-renault-et-we-drive-solar-lancent-le-premier-service-v2g-ac-aux-pays-bas\/#article\",\"isPartOf\":{\"@id\":\"https:\/\/wedrivesolar.com\/fr\/le-groupe-renault-et-we-drive-solar-lancent-le-premier-service-v2g-ac-aux-pays-bas\/\"},\"author\":{\"name\":\"Mauro\",\"@id\":\"https:\/\/wedrivesolar.com\/#\/schema\/person\/986f5e903ad14f7821226b901be00a53\"},\"headline\":\"Le Groupe Renault et We Drive Solar lancent le premier service V2G AC aux Pays-Bas\",\"datePublished\":\"2025-11-27T13:29:19+00:00\",\"dateModified\":\"2025-11-28T08:01:18+00:00\",\"mainEntityOfPage\":{\"@id\":\"https:\/\/wedrivesolar.com\/fr\/le-groupe-renault-et-we-drive-solar-lancent-le-premier-service-v2g-ac-aux-pays-bas\/\"},\"wordCount\":1149,\"publisher\":{\"@id\":\"https:\/\/wedrivesolar.com\/#organization\"},\"image\":{\"@id\":\"https:\/\/wedrivesolar.com\/fr\/le-groupe-renault-et-we-drive-solar-lancent-le-premier-service-v2g-ac-aux-pays-bas\/#primaryimage\"},\"thumbnailUrl\":\"https:\/\/wedrivesolar.com\/wp-content\/uploads\/2025\/11\/CadrageCarNR_PwBSolarLife_4K_001-scaled.webp\",\"inLanguage\":\"fr-FR\"},{\"@type\":\"WebPage\",\"@id\":\"https:\/\/wedrivesolar.com\/fr\/le-groupe-renault-et-we-drive-solar-lancent-le-premier-service-v2g-ac-aux-pays-bas\/\",\"url\":\"https:\/\/wedrivesolar.com\/fr\/le-groupe-renault-et-we-drive-solar-lancent-le-premier-service-v2g-ac-aux-pays-bas\/\",\"name\":\"Le Groupe Renault et We Drive Solar lancent le premier service V2G AC aux Pays-Bas - We Drive Solar\",\"isPartOf\":{\"@id\":\"https:\/\/wedrivesolar.com\/#website\"},\"primaryImageOfPage\":{\"@id\":\"https:\/\/wedrivesolar.com\/fr\/le-groupe-renault-et-we-drive-solar-lancent-le-premier-service-v2g-ac-aux-pays-bas\/#primaryimage\"},\"image\":{\"@id\":\"https:\/\/wedrivesolar.com\/fr\/le-groupe-renault-et-we-drive-solar-lancent-le-premier-service-v2g-ac-aux-pays-bas\/#primaryimage\"},\"thumbnailUrl\":\"https:\/\/wedrivesolar.com\/wp-content\/uploads\/2025\/11\/CadrageCarNR_PwBSolarLife_4K_001-scaled.webp\",\"datePublished\":\"2025-11-27T13:29:19+00:00\",\"dateModified\":\"2025-11-28T08:01:18+00:00\",\"breadcrumb\":{\"@id\":\"https:\/\/wedrivesolar.com\/fr\/le-groupe-renault-et-we-drive-solar-lancent-le-premier-service-v2g-ac-aux-pays-bas\/#breadcrumb\"},\"inLanguage\":\"fr-FR\",\"potentialAction\":[{\"@type\":\"ReadAction\",\"target\":[\"https:\/\/wedrivesolar.com\/fr\/le-groupe-renault-et-we-drive-solar-lancent-le-premier-service-v2g-ac-aux-pays-bas\/\"]}]},{\"@type\":\"ImageObject\",\"inLanguage\":\"fr-FR\",\"@id\":\"https:\/\/wedrivesolar.com\/fr\/le-groupe-renault-et-we-drive-solar-lancent-le-premier-service-v2g-ac-aux-pays-bas\/#primaryimage\",\"url\":\"https:\/\/wedrivesolar.com\/wp-content\/uploads\/2025\/11\/CadrageCarNR_PwBSolarLife_4K_001-scaled.webp\",\"contentUrl\":\"https:\/\/wedrivesolar.com\/wp-content\/uploads\/2025\/11\/CadrageCarNR_PwBSolarLife_4K_001-scaled.webp\",\"width\":1920,\"height\":1080},{\"@type\":\"BreadcrumbList\",\"@id\":\"https:\/\/wedrivesolar.com\/fr\/le-groupe-renault-et-we-drive-solar-lancent-le-premier-service-v2g-ac-aux-pays-bas\/#breadcrumb\",\"itemListElement\":[{\"@type\":\"ListItem\",\"position\":1,\"name\":\"Accueil\",\"item\":\"https:\/\/wedrivesolar.com\/\"},{\"@type\":\"ListItem\",\"position\":2,\"name\":\"Le Groupe Renault et We Drive Solar lancent le premier service V2G AC aux Pays-Bas\"}]},{\"@type\":\"WebSite\",\"@id\":\"https:\/\/wedrivesolar.com\/#website\",\"url\":\"https:\/\/wedrivesolar.com\/\",\"name\":\"We Drive Solar\",\"description\":\"Shaping the electricity grid of the future\",\"publisher\":{\"@id\":\"https:\/\/wedrivesolar.com\/#organization\"},\"potentialAction\":[{\"@type\":\"SearchAction\",\"target\":{\"@type\":\"EntryPoint\",\"urlTemplate\":\"https:\/\/wedrivesolar.com\/?s={search_term_string}\"},\"query-input\":{\"@type\":\"PropertyValueSpecification\",\"valueRequired\":true,\"valueName\":\"search_term_string\"}}],\"inLanguage\":\"fr-FR\"},{\"@type\":\"Organization\",\"@id\":\"https:\/\/wedrivesolar.com\/#organization\",\"name\":\"We Drive Solar\",\"url\":\"https:\/\/wedrivesolar.com\/\",\"logo\":{\"@type\":\"ImageObject\",\"inLanguage\":\"fr-FR\",\"@id\":\"https:\/\/wedrivesolar.com\/#\/schema\/logo\/image\/\",\"url\":\"https:\/\/wedrivesolar.com\/wp-content\/uploads\/2025\/04\/cropped-wedrivesolar_transparant.png\",\"contentUrl\":\"https:\/\/wedrivesolar.com\/wp-content\/uploads\/2025\/04\/cropped-wedrivesolar_transparant.png\",\"width\":1280,\"height\":201,\"caption\":\"We Drive Solar\"},\"image\":{\"@id\":\"https:\/\/wedrivesolar.com\/#\/schema\/logo\/image\/\"}},{\"@type\":\"Person\",\"@id\":\"https:\/\/wedrivesolar.com\/#\/schema\/person\/986f5e903ad14f7821226b901be00a53\",\"name\":\"Mauro\",\"image\":{\"@type\":\"ImageObject\",\"inLanguage\":\"fr-FR\",\"@id\":\"https:\/\/secure.gravatar.com\/avatar\/7c4d968f295a99662932f5d4f633ff7b246a499f584c4e7ca8bca5bc719f459f?s=96&d=mm&r=g\",\"url\":\"https:\/\/secure.gravatar.com\/avatar\/7c4d968f295a99662932f5d4f633ff7b246a499f584c4e7ca8bca5bc719f459f?s=96&d=mm&r=g\",\"contentUrl\":\"https:\/\/secure.gravatar.com\/avatar\/7c4d968f295a99662932f5d4f633ff7b246a499f584c4e7ca8bca5bc719f459f?s=96&d=mm&r=g\",\"caption\":\"Mauro\"},\"url\":\"https:\/\/wedrivesolar.com\/fr\/author\/mauro\/\"}]}<\/script>\n<!-- \/ Yoast SEO plugin. -->","yoast_head_json":{"title":"Le Groupe Renault et We Drive Solar lancent le premier service V2G AC aux Pays-Bas - We Drive Solar","robots":{"index":"index","follow":"follow","max-snippet":"max-snippet:-1","max-image-preview":"max-image-preview:large","max-video-preview":"max-video-preview:-1"},"canonical":"https:\/\/wedrivesolar.com\/fr\/le-groupe-renault-et-we-drive-solar-lancent-le-premier-service-v2g-ac-aux-pays-bas\/","og_locale":"fr_FR","og_type":"article","og_title":"Le Groupe Renault et We Drive Solar lancent le premier service V2G AC aux Pays-Bas - We Drive Solar","og_description":"Schiphol-Rijk, le 27 novembre 2025 &#8211; En partenariat avec We Drive Solar, le Groupe Renault lance un service V2G (vehicle-to-grid) aux Pays-Bas. Ce service innovant permet aux particuliers d&#8217;utiliser leur v\u00e9hicule pour r\u00e9duire leurs d\u00e9penses d&#8217;\u00e9lectricit\u00e9. Simultan\u00e9ment, il leur permet de jouer un r\u00f4le dans l&#8217;all\u00e8gement de la pression sur le r\u00e9seau \u00e9lectrique pendant les [&hellip;]","og_url":"https:\/\/wedrivesolar.com\/fr\/le-groupe-renault-et-we-drive-solar-lancent-le-premier-service-v2g-ac-aux-pays-bas\/","og_site_name":"We Drive Solar","article_published_time":"2025-11-27T13:29:19+00:00","article_modified_time":"2025-11-28T08:01:18+00:00","og_image":[{"width":1920,"height":1080,"url":"https:\/\/wedrivesolar.com\/wp-content\/uploads\/2025\/11\/CadrageCarNR_PwBSolarLife_4K_001-scaled.webp","type":"image\/jpeg"}],"author":"Mauro","twitter_card":"summary_large_image","twitter_misc":{"\u00c9crit par":"Mauro","Dur\u00e9e de lecture estim\u00e9e":"5 minutes"},"schema":{"@context":"https:\/\/schema.org","@graph":[{"@type":"Article","@id":"https:\/\/wedrivesolar.com\/fr\/le-groupe-renault-et-we-drive-solar-lancent-le-premier-service-v2g-ac-aux-pays-bas\/#article","isPartOf":{"@id":"https:\/\/wedrivesolar.com\/fr\/le-groupe-renault-et-we-drive-solar-lancent-le-premier-service-v2g-ac-aux-pays-bas\/"},"author":{"name":"Mauro","@id":"https:\/\/wedrivesolar.com\/#\/schema\/person\/986f5e903ad14f7821226b901be00a53"},"headline":"Le Groupe Renault et We Drive Solar lancent le premier service V2G AC aux Pays-Bas","datePublished":"2025-11-27T13:29:19+00:00","dateModified":"2025-11-28T08:01:18+00:00","mainEntityOfPage":{"@id":"https:\/\/wedrivesolar.com\/fr\/le-groupe-renault-et-we-drive-solar-lancent-le-premier-service-v2g-ac-aux-pays-bas\/"},"wordCount":1149,"publisher":{"@id":"https:\/\/wedrivesolar.com\/#organization"},"image":{"@id":"https:\/\/wedrivesolar.com\/fr\/le-groupe-renault-et-we-drive-solar-lancent-le-premier-service-v2g-ac-aux-pays-bas\/#primaryimage"},"thumbnailUrl":"https:\/\/wedrivesolar.com\/wp-content\/uploads\/2025\/11\/CadrageCarNR_PwBSolarLife_4K_001-scaled.webp","inLanguage":"fr-FR"},{"@type":"WebPage","@id":"https:\/\/wedrivesolar.com\/fr\/le-groupe-renault-et-we-drive-solar-lancent-le-premier-service-v2g-ac-aux-pays-bas\/","url":"https:\/\/wedrivesolar.com\/fr\/le-groupe-renault-et-we-drive-solar-lancent-le-premier-service-v2g-ac-aux-pays-bas\/","name":"Le Groupe Renault et We Drive Solar lancent le premier service V2G AC aux Pays-Bas - We Drive Solar","isPartOf":{"@id":"https:\/\/wedrivesolar.com\/#website"},"primaryImageOfPage":{"@id":"https:\/\/wedrivesolar.com\/fr\/le-groupe-renault-et-we-drive-solar-lancent-le-premier-service-v2g-ac-aux-pays-bas\/#primaryimage"},"image":{"@id":"https:\/\/wedrivesolar.com\/fr\/le-groupe-renault-et-we-drive-solar-lancent-le-premier-service-v2g-ac-aux-pays-bas\/#primaryimage"},"thumbnailUrl":"https:\/\/wedrivesolar.com\/wp-content\/uploads\/2025\/11\/CadrageCarNR_PwBSolarLife_4K_001-scaled.webp","datePublished":"2025-11-27T13:29:19+00:00","dateModified":"2025-11-28T08:01:18+00:00","breadcrumb":{"@id":"https:\/\/wedrivesolar.com\/fr\/le-groupe-renault-et-we-drive-solar-lancent-le-premier-service-v2g-ac-aux-pays-bas\/#breadcrumb"},"inLanguage":"fr-FR","potentialAction":[{"@type":"ReadAction","target":["https:\/\/wedrivesolar.com\/fr\/le-groupe-renault-et-we-drive-solar-lancent-le-premier-service-v2g-ac-aux-pays-bas\/"]}]},{"@type":"ImageObject","inLanguage":"fr-FR","@id":"https:\/\/wedrivesolar.com\/fr\/le-groupe-renault-et-we-drive-solar-lancent-le-premier-service-v2g-ac-aux-pays-bas\/#primaryimage","url":"https:\/\/wedrivesolar.com\/wp-content\/uploads\/2025\/11\/CadrageCarNR_PwBSolarLife_4K_001-scaled.webp","contentUrl":"https:\/\/wedrivesolar.com\/wp-content\/uploads\/2025\/11\/CadrageCarNR_PwBSolarLife_4K_001-scaled.webp","width":1920,"height":1080},{"@type":"BreadcrumbList","@id":"https:\/\/wedrivesolar.com\/fr\/le-groupe-renault-et-we-drive-solar-lancent-le-premier-service-v2g-ac-aux-pays-bas\/#breadcrumb","itemListElement":[{"@type":"ListItem","position":1,"name":"Accueil","item":"https:\/\/wedrivesolar.com\/"},{"@type":"ListItem","position":2,"name":"Le Groupe Renault et We Drive Solar lancent le premier service V2G AC aux Pays-Bas"}]},{"@type":"WebSite","@id":"https:\/\/wedrivesolar.com\/#website","url":"https:\/\/wedrivesolar.com\/","name":"We Drive Solar","description":"Shaping the electricity grid of the future","publisher":{"@id":"https:\/\/wedrivesolar.com\/#organization"},"potentialAction":[{"@type":"SearchAction","target":{"@type":"EntryPoint","urlTemplate":"https:\/\/wedrivesolar.com\/?s={search_term_string}"},"query-input":{"@type":"PropertyValueSpecification","valueRequired":true,"valueName":"search_term_string"}}],"inLanguage":"fr-FR"},{"@type":"Organization","@id":"https:\/\/wedrivesolar.com\/#organization","name":"We Drive Solar","url":"https:\/\/wedrivesolar.com\/","logo":{"@type":"ImageObject","inLanguage":"fr-FR","@id":"https:\/\/wedrivesolar.com\/#\/schema\/logo\/image\/","url":"https:\/\/wedrivesolar.com\/wp-content\/uploads\/2025\/04\/cropped-wedrivesolar_transparant.png","contentUrl":"https:\/\/wedrivesolar.com\/wp-content\/uploads\/2025\/04\/cropped-wedrivesolar_transparant.png","width":1280,"height":201,"caption":"We Drive Solar"},"image":{"@id":"https:\/\/wedrivesolar.com\/#\/schema\/logo\/image\/"}},{"@type":"Person","@id":"https:\/\/wedrivesolar.com\/#\/schema\/person\/986f5e903ad14f7821226b901be00a53","name":"Mauro","image":{"@type":"ImageObject","inLanguage":"fr-FR","@id":"https:\/\/secure.gravatar.com\/avatar\/7c4d968f295a99662932f5d4f633ff7b246a499f584c4e7ca8bca5bc719f459f?s=96&d=mm&r=g","url":"https:\/\/secure.gravatar.com\/avatar\/7c4d968f295a99662932f5d4f633ff7b246a499f584c4e7ca8bca5bc719f459f?s=96&d=mm&r=g","contentUrl":"https:\/\/secure.gravatar.com\/avatar\/7c4d968f295a99662932f5d4f633ff7b246a499f584c4e7ca8bca5bc719f459f?s=96&d=mm&r=g","caption":"Mauro"},"url":"https:\/\/wedrivesolar.com\/fr\/author\/mauro\/"}]}},"_links":{"self":[{"href":"https:\/\/wedrivesolar.com\/fr\/wp-json\/wp\/v2\/posts\/5415","targetHints":{"allow":["GET"]}}],"collection":[{"href":"https:\/\/wedrivesolar.com\/fr\/wp-json\/wp\/v2\/posts"}],"about":[{"href":"https:\/\/wedrivesolar.com\/fr\/wp-json\/wp\/v2\/types\/post"}],"author":[{"embeddable":true,"href":"https:\/\/wedrivesolar.com\/fr\/wp-json\/wp\/v2\/users\/2"}],"replies":[{"embeddable":true,"href":"https:\/\/wedrivesolar.com\/fr\/wp-json\/wp\/v2\/comments?post=5415"}],"version-history":[{"count":0,"href":"https:\/\/wedrivesolar.com\/fr\/wp-json\/wp\/v2\/posts\/5415\/revisions"}],"wp:featuredmedia":[{"embeddable":true,"href":"https:\/\/wedrivesolar.com\/fr\/wp-json\/wp\/v2\/media\/5418"}],"wp:attachment":[{"href":"https:\/\/wedrivesolar.com\/fr\/wp-json\/wp\/v2\/media?parent=5415"}],"wp:term":[{"taxonomy":"category","embeddable":true,"href":"https:\/\/wedrivesolar.com\/fr\/wp-json\/wp\/v2\/categories?post=5415"},{"taxonomy":"post_tag","embeddable":true,"href":"https:\/\/wedrivesolar.com\/fr\/wp-json\/wp\/v2\/tags?post=5415"}],"curies":[{"name":"wp","href":"https:\/\/api.w.org\/{rel}","templated":true}]}}