{"id":5507,"date":"2025-12-02T08:24:54","date_gmt":"2025-12-02T08:24:54","guid":{"rendered":"https:\/\/wedrivesolar.com\/eindhoven-devient-la-deuxieme-ville-neerlandaise-a-lancer-des-voitures-partagees-qui-reinjectent-de-lenergie-dans-le-reseau-electrique\/"},"modified":"2025-12-02T08:34:10","modified_gmt":"2025-12-02T08:34:10","slug":"eindhoven-devient-la-deuxieme-ville-neerlandaise-a-lancer-des-voitures-partagees-qui-reinjectent-de-lenergie-dans-le-reseau-electrique","status":"publish","type":"post","link":"https:\/\/wedrivesolar.com\/fr\/eindhoven-devient-la-deuxieme-ville-neerlandaise-a-lancer-des-voitures-partagees-qui-reinjectent-de-lenergie-dans-le-reseau-electrique\/","title":{"rendered":"Eindhoven devient la deuxi\u00e8me ville n\u00e9erlandaise \u00e0 lancer des voitures partag\u00e9es qui r\u00e9injectent de l&#8217;\u00e9nergie dans le r\u00e9seau \u00e9lectrique"},"content":{"rendered":"\n<p><strong>Eindhoven, le 1er d\u00e9cembre 2025 &#8211; Eindhoven est la deuxi\u00e8me ville des Pays-Bas o\u00f9 les voitures partag\u00e9es utilisent la technologie Vehicle-to-Grid (V2G). La collaboration entre le Groupe Renault, MyWheels, We Drive Solar et la municipalit\u00e9 d&#8217;Eindhoven permet aux voitures \u00e9lectriques partag\u00e9es non seulement de rouler, mais aussi de renvoyer de l&#8217;\u00e9nergie au r\u00e9seau \u00e9lectrique. Le principe de r\u00e9injection de l&#8217;\u00e9nergie dans le r\u00e9seau est une \u00e9tape prometteuse qui peut permettre de lutter contre le probl\u00e8me de la congestion du r\u00e9seau, de rendre le r\u00e9seau plus flexible et de contribuer \u00e0 une transition plus rapide vers les \u00e9nergies renouvelables.    <\/strong><\/p>\n\n<p>\u00c0 partir d&#8217;aujourd&#8217;hui, les premi\u00e8res voitures \u00e9lectriques partag\u00e9es Renault 5 E-Tech \u00e0 Eindhoven commenceront \u00e0 r\u00e9injecter de l&#8217;\u00e9nergie dans le r\u00e9seau \u00e9lectrique d&#8217;Eindhoven. Pour ce faire, nous collaborons avec l&#8217;op\u00e9rateur de r\u00e9seau Enexis, We Drive Solar, MyWheels et le Groupe Renault. Cette ann\u00e9e, 28 voitures partag\u00e9es circuleront \u00e0 Eindhoven et pourront r\u00e9injecter de l&#8217;\u00e9nergie dans le r\u00e9seau. L&#8217;ann\u00e9e prochaine, nous porterons ce nombre \u00e0 100 voitures de partage V2G. Nous installerons dans toute la ville 50 stations de recharge bidirectionnelles, chacune avec deux connexions.      <\/p>\n\n<figure class=\"wp-block-image size-full\"><img decoding=\"async\" src=\"https:\/\/wedrivesolar.com\/wp-content\/uploads\/2025\/12\/eindhovenwilgenstraatlaadpaal-jvdv_orig.jpg\" alt=\"\" class=\"wp-image-5493\"\/><\/figure>\n\n<div style=\"height:16px\" aria-hidden=\"true\" class=\"wp-block-spacer\"><\/div>\n\n<h3 class=\"wp-block-heading\"><strong>V2G : batteries d&#8217;entra\u00eenement<\/strong><\/h3>\n\n<p>L&#8217;\u00e9t\u00e9 dernier, le premier projet de voiture partag\u00e9e V2G a eu lieu \u00e0 Utrecht. \u00c0 Eindhoven, nous misons sur la combinaison de la mobilit\u00e9 partag\u00e9e et de la technologie \u00e9nerg\u00e9tique intelligente. Les v\u00e9hicules \u00e9lectriques stockent l&#8217;\u00e9nergie lorsque l&#8217;offre d&#8217;\u00e9nergie verte est \u00e9lev\u00e9e et la restituent aux heures de pointe. En d\u00e9ployant une technologie d\u00e9centralis\u00e9e de mani\u00e8re \u00e9volutive, les batteries de traction contribuent \u00e0 \u00e9quilibrer le r\u00e9seau \u00e9nerg\u00e9tique local et \u00e0 mieux utiliser les capacit\u00e9s en mati\u00e8re d&#8217;\u00e9nergies renouvelables.   <\/p>\n\n<p>L&#8217;op\u00e9rateur de r\u00e9seau Stedin fait \u00e9tat des r\u00e9sultats positifs de cinq mois de recharge de v\u00e9hicules sur le r\u00e9seau (V2G) \u00e0 Utrecht. Avec 50 voitures, jusqu&#8217;\u00e0 300 kW de congestion du r\u00e9seau ont \u00e9t\u00e9 r\u00e9duits pendant les heures du soir et plus de 65 000 kWh ont \u00e9t\u00e9 r\u00e9inject\u00e9s dans le r\u00e9seau. Avec le placement suppl\u00e9mentaire de 120 voitures partag\u00e9es V2G \u00e0 Utrecht cet hiver, des tentatives sont faites pour atteindre 1 MW de r\u00e9duction de la congestion \u00e0 plusieurs moments en optimisant davantage le contr\u00f4le. Cela correspond \u00e0 la demande de pointe d&#8217;environ 1 000 m\u00e9nages pendant les heures du soir.     <\/p>\n\n<figure class=\"wp-block-image size-full\"><img decoding=\"async\" src=\"https:\/\/wedrivesolar.com\/wp-content\/uploads\/2025\/12\/eindhovenstad-jvdv_orig.jpg\" alt=\"\" class=\"wp-image-5494\"\/><\/figure>\n\n<div style=\"height:17px\" aria-hidden=\"true\" class=\"wp-block-spacer\"><\/div>\n\n<h3 class=\"wp-block-heading\"><strong>Incitation \u00e0 l&#8217;innovation urbaine durable<\/strong><\/h3>\n\n<p>Eindhoven est le deuxi\u00e8me site pour ce projet de collaboration innovant. La ville est fortement engag\u00e9e dans la mobilit\u00e9 durable, l&#8217;infrastructure intelligente et la gestion de l&#8217;\u00e9nergie : des th\u00e8mes qui s&#8217;accordent parfaitement avec la technologie V2G. <\/p>\n\n<p>Robert Strijk, \u00e9chevin de la mobilit\u00e9 pour la municipalit\u00e9 d&#8217;Eindhoven, a d\u00e9clar\u00e9 :  <em>&#8220;Le principe des voitures \u00e9lectriques partag\u00e9es qui restituent \u00e9galement de l&#8217;\u00e9nergie s&#8217;inscrit parfaitement dans notre vision d&#8217;une ville intelligente, propre et vivable. La technologie promet une double victoire : la mobilit\u00e9 durable et un syst\u00e8me \u00e9nerg\u00e9tique intelligent. Dans le m\u00eame temps, nous voulons rester r\u00e9alistes et nous allons \u00e9tudier dans la pratique si ces voitures contribuent effectivement \u00e0 l&#8217;\u00e9quilibre du r\u00e9seau et \u00e0 la r\u00e9duction du nombre de voitures. Nous pourrons alors d\u00e9terminer si cette technologie est adapt\u00e9e \u00e0 notre ville&#8221;.   <\/em><\/p>\n\n<p>Laurens van de Vijver, PDG de MyWheels : <em>&#8220;Avec l&#8217;expansion \u00e0 Eindhoven, nous franchissons une nouvelle \u00e9tape dans notre mission qui consiste \u00e0 acc\u00e9l\u00e9rer la transition vers la mobilit\u00e9. Les v\u00e9hicules qui conduisent et fournissent de l&#8217;\u00e9nergie ne sont plus une musique d&#8217;avenir, mais une r\u00e9alit\u00e9. C&#8217;est ainsi que nous r\u00e9soudrons les probl\u00e8mes de mobilit\u00e9 et d&#8217;\u00e9nergie en m\u00eame temps.&#8221;<\/em><\/p>\n\n<figure class=\"wp-block-image size-full\"><img decoding=\"async\" src=\"https:\/\/wedrivesolar.com\/wp-content\/uploads\/2025\/12\/mywheelswedrivesolar_orig.jpg\" alt=\"\" class=\"wp-image-5496\"\/><\/figure>\n\n<p>Marco Knoot, directeur marketing du Groupe Renault Pays-Bas : <em>&#8220;Avec V2G Eindhoven, nous nous appuyons sur le succ\u00e8s d&#8217;Utrecht energised et, avec nos partenaires, nous franchissons une nouvelle \u00e9tape vers un syst\u00e8me \u00e9nerg\u00e9tique intelligent et durable. Le Groupe Renault y contribue activement gr\u00e2ce \u00e0 son expertise en mati\u00e8re de recharge bidirectionnelle et \u00e0 la Renault 5 E-Tech \u00e9lectrique &#8211; une ic\u00f4ne de demain qui s&#8217;inscrit parfaitement dans un avenir o\u00f9 les voitures redonnent de l&#8217;\u00e9nergie \u00e0 la ville.&#8221;<\/em><\/p>\n\n<p>Robin Berg, PDG de We Drive Solar : <em>&#8220;Le lancement \u00e0 Eindhoven confirme que la recharge bidirectionnelle est pr\u00eate \u00e0 \u00eatre appliqu\u00e9e dans toutes les villes. Nous continuons \u00e0 construire un avenir o\u00f9 chaque voiture \u00e9lectrique contribue \u00e0 un r\u00e9seau \u00e9nerg\u00e9tique stable et durable.&#8221;<\/em><\/p>\n\n<figure class=\"wp-block-image size-full\"><img fetchpriority=\"high\" decoding=\"async\" width=\"600\" height=\"400\" src=\"https:\/\/wedrivesolar.com\/wp-content\/uploads\/2025\/12\/eindhoven-evoluon-jvdv_orig-1.jpg\" alt=\"\" class=\"wp-image-5497\" srcset=\"https:\/\/wedrivesolar.com\/wp-content\/uploads\/2025\/12\/eindhoven-evoluon-jvdv_orig-1.jpg 600w, https:\/\/wedrivesolar.com\/wp-content\/uploads\/2025\/12\/eindhoven-evoluon-jvdv_orig-1-300x200.jpg 300w\" sizes=\"(max-width: 600px) 100vw, 600px\" \/><\/figure>\n","protected":false},"excerpt":{"rendered":"<p>Eindhoven, le 1er d\u00e9cembre 2025 &#8211; Eindhoven est la deuxi\u00e8me ville des Pays-Bas o\u00f9 les voitures partag\u00e9es utilisent la technologie Vehicle-to-Grid (V2G). La collaboration entre le Groupe Renault, MyWheels, We Drive Solar et la municipalit\u00e9 d&#8217;Eindhoven permet aux voitures \u00e9lectriques partag\u00e9es non seulement de rouler, mais aussi de renvoyer de l&#8217;\u00e9nergie au r\u00e9seau \u00e9lectrique. Le [&hellip;]<\/p>\n","protected":false},"author":3,"featured_media":5508,"comment_status":"closed","ping_status":"closed","sticky":false,"template":"","format":"standard","meta":{"_acf_changed":false,"footnotes":""},"categories":[9],"tags":[],"class_list":["post-5507","post","type-post","status-publish","format-standard","has-post-thumbnail","hentry","category-non-categorise"],"acf":[],"yoast_head":"<!-- This site is optimized with the Yoast SEO plugin v27.2 - https:\/\/yoast.com\/product\/yoast-seo-wordpress\/ -->\n<title>Eindhoven devient la deuxi\u00e8me ville n\u00e9erlandaise \u00e0 lancer des voitures partag\u00e9es qui r\u00e9injectent de l&#039;\u00e9nergie dans le r\u00e9seau \u00e9lectrique - We Drive Solar<\/title>\n<meta name=\"robots\" content=\"index, follow, max-snippet:-1, max-image-preview:large, max-video-preview:-1\" \/>\n<link rel=\"canonical\" href=\"https:\/\/wedrivesolar.com\/fr\/eindhoven-devient-la-deuxieme-ville-neerlandaise-a-lancer-des-voitures-partagees-qui-reinjectent-de-lenergie-dans-le-reseau-electrique\/\" \/>\n<meta property=\"og:locale\" content=\"fr_FR\" \/>\n<meta property=\"og:type\" content=\"article\" \/>\n<meta property=\"og:title\" content=\"Eindhoven devient la deuxi\u00e8me ville n\u00e9erlandaise \u00e0 lancer des voitures partag\u00e9es qui r\u00e9injectent de l&#039;\u00e9nergie dans le r\u00e9seau \u00e9lectrique - We Drive Solar\" \/>\n<meta property=\"og:description\" content=\"Eindhoven, le 1er d\u00e9cembre 2025 &#8211; Eindhoven est la deuxi\u00e8me ville des Pays-Bas o\u00f9 les voitures partag\u00e9es utilisent la technologie Vehicle-to-Grid (V2G). La collaboration entre le Groupe Renault, MyWheels, We Drive Solar et la municipalit\u00e9 d&#8217;Eindhoven permet aux voitures \u00e9lectriques partag\u00e9es non seulement de rouler, mais aussi de renvoyer de l&#8217;\u00e9nergie au r\u00e9seau \u00e9lectrique. Le [&hellip;]\" \/>\n<meta property=\"og:url\" content=\"https:\/\/wedrivesolar.com\/fr\/eindhoven-devient-la-deuxieme-ville-neerlandaise-a-lancer-des-voitures-partagees-qui-reinjectent-de-lenergie-dans-le-reseau-electrique\/\" \/>\n<meta property=\"og:site_name\" content=\"We Drive Solar\" \/>\n<meta property=\"article:published_time\" content=\"2025-12-02T08:24:54+00:00\" \/>\n<meta property=\"article:modified_time\" content=\"2025-12-02T08:34:10+00:00\" \/>\n<meta property=\"og:image\" content=\"https:\/\/wedrivesolar.com\/wp-content\/uploads\/2025\/12\/mywheelswedrivesolarlxnet-wilgenstr-vdv0025_orig.jpg\" \/>\n\t<meta property=\"og:image:width\" content=\"1100\" \/>\n\t<meta property=\"og:image:height\" content=\"733\" \/>\n\t<meta property=\"og:image:type\" content=\"image\/jpeg\" \/>\n<meta name=\"author\" content=\"bauke\" \/>\n<meta name=\"twitter:card\" content=\"summary_large_image\" \/>\n<meta name=\"twitter:label1\" content=\"\u00c9crit par\" \/>\n\t<meta name=\"twitter:data1\" content=\"bauke\" \/>\n\t<meta name=\"twitter:label2\" content=\"Dur\u00e9e de lecture estim\u00e9e\" \/>\n\t<meta name=\"twitter:data2\" content=\"4 minutes\" \/>\n<script type=\"application\/ld+json\" class=\"yoast-schema-graph\">{\"@context\":\"https:\/\/schema.org\",\"@graph\":[{\"@type\":\"Article\",\"@id\":\"https:\/\/wedrivesolar.com\/fr\/eindhoven-devient-la-deuxieme-ville-neerlandaise-a-lancer-des-voitures-partagees-qui-reinjectent-de-lenergie-dans-le-reseau-electrique\/#article\",\"isPartOf\":{\"@id\":\"https:\/\/wedrivesolar.com\/fr\/eindhoven-devient-la-deuxieme-ville-neerlandaise-a-lancer-des-voitures-partagees-qui-reinjectent-de-lenergie-dans-le-reseau-electrique\/\"},\"author\":{\"name\":\"bauke\",\"@id\":\"https:\/\/wedrivesolar.com\/#\/schema\/person\/8cb8ddbcd3a31f75c5be294220ad7eec\"},\"headline\":\"Eindhoven devient la deuxi\u00e8me ville n\u00e9erlandaise \u00e0 lancer des voitures partag\u00e9es qui r\u00e9injectent de l&#8217;\u00e9nergie dans le r\u00e9seau \u00e9lectrique\",\"datePublished\":\"2025-12-02T08:24:54+00:00\",\"dateModified\":\"2025-12-02T08:34:10+00:00\",\"mainEntityOfPage\":{\"@id\":\"https:\/\/wedrivesolar.com\/fr\/eindhoven-devient-la-deuxieme-ville-neerlandaise-a-lancer-des-voitures-partagees-qui-reinjectent-de-lenergie-dans-le-reseau-electrique\/\"},\"wordCount\":783,\"publisher\":{\"@id\":\"https:\/\/wedrivesolar.com\/#organization\"},\"image\":{\"@id\":\"https:\/\/wedrivesolar.com\/fr\/eindhoven-devient-la-deuxieme-ville-neerlandaise-a-lancer-des-voitures-partagees-qui-reinjectent-de-lenergie-dans-le-reseau-electrique\/#primaryimage\"},\"thumbnailUrl\":\"https:\/\/wedrivesolar.com\/wp-content\/uploads\/2025\/12\/mywheelswedrivesolarlxnet-wilgenstr-vdv0025_orig.webp\",\"articleSection\":[\"Non cat\u00e9goris\u00e9\"],\"inLanguage\":\"fr-FR\"},{\"@type\":\"WebPage\",\"@id\":\"https:\/\/wedrivesolar.com\/fr\/eindhoven-devient-la-deuxieme-ville-neerlandaise-a-lancer-des-voitures-partagees-qui-reinjectent-de-lenergie-dans-le-reseau-electrique\/\",\"url\":\"https:\/\/wedrivesolar.com\/fr\/eindhoven-devient-la-deuxieme-ville-neerlandaise-a-lancer-des-voitures-partagees-qui-reinjectent-de-lenergie-dans-le-reseau-electrique\/\",\"name\":\"Eindhoven devient la deuxi\u00e8me ville n\u00e9erlandaise \u00e0 lancer des voitures partag\u00e9es qui r\u00e9injectent de l'\u00e9nergie dans le r\u00e9seau \u00e9lectrique - We Drive Solar\",\"isPartOf\":{\"@id\":\"https:\/\/wedrivesolar.com\/#website\"},\"primaryImageOfPage\":{\"@id\":\"https:\/\/wedrivesolar.com\/fr\/eindhoven-devient-la-deuxieme-ville-neerlandaise-a-lancer-des-voitures-partagees-qui-reinjectent-de-lenergie-dans-le-reseau-electrique\/#primaryimage\"},\"image\":{\"@id\":\"https:\/\/wedrivesolar.com\/fr\/eindhoven-devient-la-deuxieme-ville-neerlandaise-a-lancer-des-voitures-partagees-qui-reinjectent-de-lenergie-dans-le-reseau-electrique\/#primaryimage\"},\"thumbnailUrl\":\"https:\/\/wedrivesolar.com\/wp-content\/uploads\/2025\/12\/mywheelswedrivesolarlxnet-wilgenstr-vdv0025_orig.webp\",\"datePublished\":\"2025-12-02T08:24:54+00:00\",\"dateModified\":\"2025-12-02T08:34:10+00:00\",\"breadcrumb\":{\"@id\":\"https:\/\/wedrivesolar.com\/fr\/eindhoven-devient-la-deuxieme-ville-neerlandaise-a-lancer-des-voitures-partagees-qui-reinjectent-de-lenergie-dans-le-reseau-electrique\/#breadcrumb\"},\"inLanguage\":\"fr-FR\",\"potentialAction\":[{\"@type\":\"ReadAction\",\"target\":[\"https:\/\/wedrivesolar.com\/fr\/eindhoven-devient-la-deuxieme-ville-neerlandaise-a-lancer-des-voitures-partagees-qui-reinjectent-de-lenergie-dans-le-reseau-electrique\/\"]}]},{\"@type\":\"ImageObject\",\"inLanguage\":\"fr-FR\",\"@id\":\"https:\/\/wedrivesolar.com\/fr\/eindhoven-devient-la-deuxieme-ville-neerlandaise-a-lancer-des-voitures-partagees-qui-reinjectent-de-lenergie-dans-le-reseau-electrique\/#primaryimage\",\"url\":\"https:\/\/wedrivesolar.com\/wp-content\/uploads\/2025\/12\/mywheelswedrivesolarlxnet-wilgenstr-vdv0025_orig.webp\",\"contentUrl\":\"https:\/\/wedrivesolar.com\/wp-content\/uploads\/2025\/12\/mywheelswedrivesolarlxnet-wilgenstr-vdv0025_orig.webp\",\"width\":1100,\"height\":733},{\"@type\":\"BreadcrumbList\",\"@id\":\"https:\/\/wedrivesolar.com\/fr\/eindhoven-devient-la-deuxieme-ville-neerlandaise-a-lancer-des-voitures-partagees-qui-reinjectent-de-lenergie-dans-le-reseau-electrique\/#breadcrumb\",\"itemListElement\":[{\"@type\":\"ListItem\",\"position\":1,\"name\":\"Accueil\",\"item\":\"https:\/\/wedrivesolar.com\/\"},{\"@type\":\"ListItem\",\"position\":2,\"name\":\"Eindhoven devient la deuxi\u00e8me ville n\u00e9erlandaise \u00e0 lancer des voitures partag\u00e9es qui r\u00e9injectent de l&#8217;\u00e9nergie dans le r\u00e9seau \u00e9lectrique\"}]},{\"@type\":\"WebSite\",\"@id\":\"https:\/\/wedrivesolar.com\/#website\",\"url\":\"https:\/\/wedrivesolar.com\/\",\"name\":\"We Drive Solar\",\"description\":\"Shaping the electricity grid of the future\",\"publisher\":{\"@id\":\"https:\/\/wedrivesolar.com\/#organization\"},\"potentialAction\":[{\"@type\":\"SearchAction\",\"target\":{\"@type\":\"EntryPoint\",\"urlTemplate\":\"https:\/\/wedrivesolar.com\/?s={search_term_string}\"},\"query-input\":{\"@type\":\"PropertyValueSpecification\",\"valueRequired\":true,\"valueName\":\"search_term_string\"}}],\"inLanguage\":\"fr-FR\"},{\"@type\":\"Organization\",\"@id\":\"https:\/\/wedrivesolar.com\/#organization\",\"name\":\"We Drive Solar\",\"url\":\"https:\/\/wedrivesolar.com\/\",\"logo\":{\"@type\":\"ImageObject\",\"inLanguage\":\"fr-FR\",\"@id\":\"https:\/\/wedrivesolar.com\/#\/schema\/logo\/image\/\",\"url\":\"https:\/\/wedrivesolar.com\/wp-content\/uploads\/2025\/04\/cropped-wedrivesolar_transparant.png\",\"contentUrl\":\"https:\/\/wedrivesolar.com\/wp-content\/uploads\/2025\/04\/cropped-wedrivesolar_transparant.png\",\"width\":1280,\"height\":201,\"caption\":\"We Drive Solar\"},\"image\":{\"@id\":\"https:\/\/wedrivesolar.com\/#\/schema\/logo\/image\/\"}},{\"@type\":\"Person\",\"@id\":\"https:\/\/wedrivesolar.com\/#\/schema\/person\/8cb8ddbcd3a31f75c5be294220ad7eec\",\"name\":\"bauke\",\"image\":{\"@type\":\"ImageObject\",\"inLanguage\":\"fr-FR\",\"@id\":\"https:\/\/secure.gravatar.com\/avatar\/ddd9584316dc071685b57579818edbd0d247ffcff77a82f78aa621761cb6bd14?s=96&d=mm&r=g\",\"url\":\"https:\/\/secure.gravatar.com\/avatar\/ddd9584316dc071685b57579818edbd0d247ffcff77a82f78aa621761cb6bd14?s=96&d=mm&r=g\",\"contentUrl\":\"https:\/\/secure.gravatar.com\/avatar\/ddd9584316dc071685b57579818edbd0d247ffcff77a82f78aa621761cb6bd14?s=96&d=mm&r=g\",\"caption\":\"bauke\"},\"url\":\"https:\/\/wedrivesolar.com\/fr\/author\/bauke\/\"}]}<\/script>\n<!-- \/ Yoast SEO plugin. -->","yoast_head_json":{"title":"Eindhoven devient la deuxi\u00e8me ville n\u00e9erlandaise \u00e0 lancer des voitures partag\u00e9es qui r\u00e9injectent de l'\u00e9nergie dans le r\u00e9seau \u00e9lectrique - We Drive Solar","robots":{"index":"index","follow":"follow","max-snippet":"max-snippet:-1","max-image-preview":"max-image-preview:large","max-video-preview":"max-video-preview:-1"},"canonical":"https:\/\/wedrivesolar.com\/fr\/eindhoven-devient-la-deuxieme-ville-neerlandaise-a-lancer-des-voitures-partagees-qui-reinjectent-de-lenergie-dans-le-reseau-electrique\/","og_locale":"fr_FR","og_type":"article","og_title":"Eindhoven devient la deuxi\u00e8me ville n\u00e9erlandaise \u00e0 lancer des voitures partag\u00e9es qui r\u00e9injectent de l'\u00e9nergie dans le r\u00e9seau \u00e9lectrique - We Drive Solar","og_description":"Eindhoven, le 1er d\u00e9cembre 2025 &#8211; Eindhoven est la deuxi\u00e8me ville des Pays-Bas o\u00f9 les voitures partag\u00e9es utilisent la technologie Vehicle-to-Grid (V2G). La collaboration entre le Groupe Renault, MyWheels, We Drive Solar et la municipalit\u00e9 d&#8217;Eindhoven permet aux voitures \u00e9lectriques partag\u00e9es non seulement de rouler, mais aussi de renvoyer de l&#8217;\u00e9nergie au r\u00e9seau \u00e9lectrique. Le [&hellip;]","og_url":"https:\/\/wedrivesolar.com\/fr\/eindhoven-devient-la-deuxieme-ville-neerlandaise-a-lancer-des-voitures-partagees-qui-reinjectent-de-lenergie-dans-le-reseau-electrique\/","og_site_name":"We Drive Solar","article_published_time":"2025-12-02T08:24:54+00:00","article_modified_time":"2025-12-02T08:34:10+00:00","og_image":[{"width":1100,"height":733,"url":"https:\/\/wedrivesolar.com\/wp-content\/uploads\/2025\/12\/mywheelswedrivesolarlxnet-wilgenstr-vdv0025_orig.jpg","type":"image\/jpeg"}],"author":"bauke","twitter_card":"summary_large_image","twitter_misc":{"\u00c9crit par":"bauke","Dur\u00e9e de lecture estim\u00e9e":"4 minutes"},"schema":{"@context":"https:\/\/schema.org","@graph":[{"@type":"Article","@id":"https:\/\/wedrivesolar.com\/fr\/eindhoven-devient-la-deuxieme-ville-neerlandaise-a-lancer-des-voitures-partagees-qui-reinjectent-de-lenergie-dans-le-reseau-electrique\/#article","isPartOf":{"@id":"https:\/\/wedrivesolar.com\/fr\/eindhoven-devient-la-deuxieme-ville-neerlandaise-a-lancer-des-voitures-partagees-qui-reinjectent-de-lenergie-dans-le-reseau-electrique\/"},"author":{"name":"bauke","@id":"https:\/\/wedrivesolar.com\/#\/schema\/person\/8cb8ddbcd3a31f75c5be294220ad7eec"},"headline":"Eindhoven devient la deuxi\u00e8me ville n\u00e9erlandaise \u00e0 lancer des voitures partag\u00e9es qui r\u00e9injectent de l&#8217;\u00e9nergie dans le r\u00e9seau \u00e9lectrique","datePublished":"2025-12-02T08:24:54+00:00","dateModified":"2025-12-02T08:34:10+00:00","mainEntityOfPage":{"@id":"https:\/\/wedrivesolar.com\/fr\/eindhoven-devient-la-deuxieme-ville-neerlandaise-a-lancer-des-voitures-partagees-qui-reinjectent-de-lenergie-dans-le-reseau-electrique\/"},"wordCount":783,"publisher":{"@id":"https:\/\/wedrivesolar.com\/#organization"},"image":{"@id":"https:\/\/wedrivesolar.com\/fr\/eindhoven-devient-la-deuxieme-ville-neerlandaise-a-lancer-des-voitures-partagees-qui-reinjectent-de-lenergie-dans-le-reseau-electrique\/#primaryimage"},"thumbnailUrl":"https:\/\/wedrivesolar.com\/wp-content\/uploads\/2025\/12\/mywheelswedrivesolarlxnet-wilgenstr-vdv0025_orig.webp","articleSection":["Non cat\u00e9goris\u00e9"],"inLanguage":"fr-FR"},{"@type":"WebPage","@id":"https:\/\/wedrivesolar.com\/fr\/eindhoven-devient-la-deuxieme-ville-neerlandaise-a-lancer-des-voitures-partagees-qui-reinjectent-de-lenergie-dans-le-reseau-electrique\/","url":"https:\/\/wedrivesolar.com\/fr\/eindhoven-devient-la-deuxieme-ville-neerlandaise-a-lancer-des-voitures-partagees-qui-reinjectent-de-lenergie-dans-le-reseau-electrique\/","name":"Eindhoven devient la deuxi\u00e8me ville n\u00e9erlandaise \u00e0 lancer des voitures partag\u00e9es qui r\u00e9injectent de l'\u00e9nergie dans le r\u00e9seau \u00e9lectrique - We Drive Solar","isPartOf":{"@id":"https:\/\/wedrivesolar.com\/#website"},"primaryImageOfPage":{"@id":"https:\/\/wedrivesolar.com\/fr\/eindhoven-devient-la-deuxieme-ville-neerlandaise-a-lancer-des-voitures-partagees-qui-reinjectent-de-lenergie-dans-le-reseau-electrique\/#primaryimage"},"image":{"@id":"https:\/\/wedrivesolar.com\/fr\/eindhoven-devient-la-deuxieme-ville-neerlandaise-a-lancer-des-voitures-partagees-qui-reinjectent-de-lenergie-dans-le-reseau-electrique\/#primaryimage"},"thumbnailUrl":"https:\/\/wedrivesolar.com\/wp-content\/uploads\/2025\/12\/mywheelswedrivesolarlxnet-wilgenstr-vdv0025_orig.webp","datePublished":"2025-12-02T08:24:54+00:00","dateModified":"2025-12-02T08:34:10+00:00","breadcrumb":{"@id":"https:\/\/wedrivesolar.com\/fr\/eindhoven-devient-la-deuxieme-ville-neerlandaise-a-lancer-des-voitures-partagees-qui-reinjectent-de-lenergie-dans-le-reseau-electrique\/#breadcrumb"},"inLanguage":"fr-FR","potentialAction":[{"@type":"ReadAction","target":["https:\/\/wedrivesolar.com\/fr\/eindhoven-devient-la-deuxieme-ville-neerlandaise-a-lancer-des-voitures-partagees-qui-reinjectent-de-lenergie-dans-le-reseau-electrique\/"]}]},{"@type":"ImageObject","inLanguage":"fr-FR","@id":"https:\/\/wedrivesolar.com\/fr\/eindhoven-devient-la-deuxieme-ville-neerlandaise-a-lancer-des-voitures-partagees-qui-reinjectent-de-lenergie-dans-le-reseau-electrique\/#primaryimage","url":"https:\/\/wedrivesolar.com\/wp-content\/uploads\/2025\/12\/mywheelswedrivesolarlxnet-wilgenstr-vdv0025_orig.webp","contentUrl":"https:\/\/wedrivesolar.com\/wp-content\/uploads\/2025\/12\/mywheelswedrivesolarlxnet-wilgenstr-vdv0025_orig.webp","width":1100,"height":733},{"@type":"BreadcrumbList","@id":"https:\/\/wedrivesolar.com\/fr\/eindhoven-devient-la-deuxieme-ville-neerlandaise-a-lancer-des-voitures-partagees-qui-reinjectent-de-lenergie-dans-le-reseau-electrique\/#breadcrumb","itemListElement":[{"@type":"ListItem","position":1,"name":"Accueil","item":"https:\/\/wedrivesolar.com\/"},{"@type":"ListItem","position":2,"name":"Eindhoven devient la deuxi\u00e8me ville n\u00e9erlandaise \u00e0 lancer des voitures partag\u00e9es qui r\u00e9injectent de l&#8217;\u00e9nergie dans le r\u00e9seau \u00e9lectrique"}]},{"@type":"WebSite","@id":"https:\/\/wedrivesolar.com\/#website","url":"https:\/\/wedrivesolar.com\/","name":"We Drive Solar","description":"Shaping the electricity grid of the future","publisher":{"@id":"https:\/\/wedrivesolar.com\/#organization"},"potentialAction":[{"@type":"SearchAction","target":{"@type":"EntryPoint","urlTemplate":"https:\/\/wedrivesolar.com\/?s={search_term_string}"},"query-input":{"@type":"PropertyValueSpecification","valueRequired":true,"valueName":"search_term_string"}}],"inLanguage":"fr-FR"},{"@type":"Organization","@id":"https:\/\/wedrivesolar.com\/#organization","name":"We Drive Solar","url":"https:\/\/wedrivesolar.com\/","logo":{"@type":"ImageObject","inLanguage":"fr-FR","@id":"https:\/\/wedrivesolar.com\/#\/schema\/logo\/image\/","url":"https:\/\/wedrivesolar.com\/wp-content\/uploads\/2025\/04\/cropped-wedrivesolar_transparant.png","contentUrl":"https:\/\/wedrivesolar.com\/wp-content\/uploads\/2025\/04\/cropped-wedrivesolar_transparant.png","width":1280,"height":201,"caption":"We Drive Solar"},"image":{"@id":"https:\/\/wedrivesolar.com\/#\/schema\/logo\/image\/"}},{"@type":"Person","@id":"https:\/\/wedrivesolar.com\/#\/schema\/person\/8cb8ddbcd3a31f75c5be294220ad7eec","name":"bauke","image":{"@type":"ImageObject","inLanguage":"fr-FR","@id":"https:\/\/secure.gravatar.com\/avatar\/ddd9584316dc071685b57579818edbd0d247ffcff77a82f78aa621761cb6bd14?s=96&d=mm&r=g","url":"https:\/\/secure.gravatar.com\/avatar\/ddd9584316dc071685b57579818edbd0d247ffcff77a82f78aa621761cb6bd14?s=96&d=mm&r=g","contentUrl":"https:\/\/secure.gravatar.com\/avatar\/ddd9584316dc071685b57579818edbd0d247ffcff77a82f78aa621761cb6bd14?s=96&d=mm&r=g","caption":"bauke"},"url":"https:\/\/wedrivesolar.com\/fr\/author\/bauke\/"}]}},"_links":{"self":[{"href":"https:\/\/wedrivesolar.com\/fr\/wp-json\/wp\/v2\/posts\/5507","targetHints":{"allow":["GET"]}}],"collection":[{"href":"https:\/\/wedrivesolar.com\/fr\/wp-json\/wp\/v2\/posts"}],"about":[{"href":"https:\/\/wedrivesolar.com\/fr\/wp-json\/wp\/v2\/types\/post"}],"author":[{"embeddable":true,"href":"https:\/\/wedrivesolar.com\/fr\/wp-json\/wp\/v2\/users\/3"}],"replies":[{"embeddable":true,"href":"https:\/\/wedrivesolar.com\/fr\/wp-json\/wp\/v2\/comments?post=5507"}],"version-history":[{"count":0,"href":"https:\/\/wedrivesolar.com\/fr\/wp-json\/wp\/v2\/posts\/5507\/revisions"}],"wp:featuredmedia":[{"embeddable":true,"href":"https:\/\/wedrivesolar.com\/fr\/wp-json\/wp\/v2\/media\/5508"}],"wp:attachment":[{"href":"https:\/\/wedrivesolar.com\/fr\/wp-json\/wp\/v2\/media?parent=5507"}],"wp:term":[{"taxonomy":"category","embeddable":true,"href":"https:\/\/wedrivesolar.com\/fr\/wp-json\/wp\/v2\/categories?post=5507"},{"taxonomy":"post_tag","embeddable":true,"href":"https:\/\/wedrivesolar.com\/fr\/wp-json\/wp\/v2\/tags?post=5507"}],"curies":[{"name":"wp","href":"https:\/\/api.w.org\/{rel}","templated":true}]}}